{"id":721,"date":"2019-12-07T20:48:57","date_gmt":"2019-12-07T19:48:57","guid":{"rendered":"http:\/\/parafie.wsd.rzeszow.pl\/dks\/?p=721"},"modified":"2024-09-18T11:50:52","modified_gmt":"2024-09-18T09:50:52","slug":"uroczystosc-niepokalanego-poczecia-nmp","status":"publish","type":"post","link":"https:\/\/www.dks.rzeszow.pl\/index.php\/2019\/12\/07\/uroczystosc-niepokalanego-poczecia-nmp\/","title":{"rendered":"Uroczysto\u015b\u0107 Niepokalanego Pocz\u0119cia NMP"},"content":{"rendered":"\n<p>W niedziel\u0119, 8 grudnia, prze\u017cywamy Niepokalane Pocz\u0119cie NMP. W DKS Diecezji Rzeszowskiej uroczysto\u015bci rozpocz\u0119\u0142y si\u0119 o godz. 8.30 \u015bpiewem Godzinek o Niepokalanym Pocz\u0119ciu Naj\u015bwi\u0119tszej Maryi Panny, nast\u0119pnie o godz. 9.00  zosta\u0142a odprawiona uroczysta Msza \u015awi\u0119ta pod przewodnictwem ks. infu\u0142ata Wies\u0142awa Szurka, kt\u00f3ry te\u017c wyg\u0142osi\u0142  homili\u0119.<\/p>\n\n\n\n<p>O godz. 12.00 mieszka\u0144cy DKS uczestniczyli w kaplicy w &#8222;Godzinie \u0141aski&#8221;.<\/p>\n\r\n","protected":false},"excerpt":{"rendered":"<p>W niedziel\u0119, 8 grudnia, prze\u017cywamy Niepokalane Pocz\u0119cie NMP. W DKS Diecezji Rzeszowskiej uroczysto\u015bci rozpocz\u0119\u0142y si\u0119 o godz. 8.30 \u015bpiewem Godzinek o Niepokalanym Pocz\u0119ciu Naj\u015bwi\u0119tszej Maryi Panny, nast\u0119pnie o godz. 9.00 zosta\u0142a odprawiona uroczysta Msza \u015awi\u0119ta pod przewodnictwem ks. infu\u0142ata Wies\u0142awa Szurka, kt\u00f3ry te\u017c wyg\u0142osi\u0142 homili\u0119. O godz. 12.00 mieszka\u0144cy DKS uczestniczyli w kaplicy w &#8222;Godzinie \u0141aski&#8221;.<\/p>\n","protected":false},"author":1,"featured_media":722,"comment_status":"closed","ping_status":"closed","sticky":false,"template":"","format":"standard","meta":{"footnotes":""},"categories":[1],"tags":[],"class_list":["post-721","post","type-post","status-publish","format-standard","has-post-thumbnail","hentry","category-newsy"],"_links":{"self":[{"href":"https:\/\/www.dks.rzeszow.pl\/index.php\/wp-json\/wp\/v2\/posts\/721","targetHints":{"allow":["GET"]}}],"collection":[{"href":"https:\/\/www.dks.rzeszow.pl\/index.php\/wp-json\/wp\/v2\/posts"}],"about":[{"href":"https:\/\/www.dks.rzeszow.pl\/index.php\/wp-json\/wp\/v2\/types\/post"}],"author":[{"embeddable":true,"href":"https:\/\/www.dks.rzeszow.pl\/index.php\/wp-json\/wp\/v2\/users\/1"}],"replies":[{"embeddable":true,"href":"https:\/\/www.dks.rzeszow.pl\/index.php\/wp-json\/wp\/v2\/comments?post=721"}],"version-history":[{"count":3,"href":"https:\/\/www.dks.rzeszow.pl\/index.php\/wp-json\/wp\/v2\/posts\/721\/revisions"}],"predecessor-version":[{"id":4238,"href":"https:\/\/www.dks.rzeszow.pl\/index.php\/wp-json\/wp\/v2\/posts\/721\/revisions\/4238"}],"wp:featuredmedia":[{"embeddable":true,"href":"https:\/\/www.dks.rzeszow.pl\/index.php\/wp-json\/wp\/v2\/media\/722"}],"wp:attachment":[{"href":"https:\/\/www.dks.rzeszow.pl\/index.php\/wp-json\/wp\/v2\/media?parent=721"}],"wp:term":[{"taxonomy":"category","embeddable":true,"href":"https:\/\/www.dks.rzeszow.pl\/index.php\/wp-json\/wp\/v2\/categories?post=721"},{"taxonomy":"post_tag","embeddable":true,"href":"https:\/\/www.dks.rzeszow.pl\/index.php\/wp-json\/wp\/v2\/tags?post=721"}],"curies":[{"name":"wp","href":"https:\/\/api.w.org\/{rel}","templated":true}]}}