{"id":709,"date":"2019-12-01T20:05:00","date_gmt":"2019-12-01T19:05:00","guid":{"rendered":"http:\/\/parafie.wsd.rzeszow.pl\/dks\/?p=709"},"modified":"2024-09-18T11:50:51","modified_gmt":"2024-09-18T09:50:51","slug":"adwent-przygotowanie-na-przyjscie-pana","status":"publish","type":"post","link":"https:\/\/www.dks.rzeszow.pl\/index.php\/2019\/12\/01\/adwent-przygotowanie-na-przyjscie-pana\/","title":{"rendered":"Adwent &#8211; przygotowanie na przyj\u015bcie Pana"},"content":{"rendered":"\n<p>Od 1 grudnia, od I niedzieli adwentu, prze\u017cywany szczeg\u00f3lny czas przygotowania na przyj\u015bcie Pana w tajemnicy Bo\u017cego Narodzenia i oczekiwania na Jego powt\u00f3rne przyj\u015bcie na ko\u0144cu czas\u00f3w. Z tej racji Biskup Rzeszowski Jan W\u0105troba skierowa\u0142 do diecezjan list pasterski. Oto jego fragment:<\/p>\n\n\n\n<p>&#8222;Pierwsza Niedziela Adwentu otwiera przed nami nowy rok liturgiczny: czas \u0142aski i obecno\u015bci Pana po\u015br\u00f3d nas. W Ko\u015bciele w Polsce rozpoczynaj\u0105cy si\u0119 rok b\u0119dzie pierwszym z trzech lat, w spos\u00f3b szczeg\u00f3lny po\u015bwi\u0119conych Eucharystii. Jego motto przewodnie brzmi: \u201eWielka Tajemnica Wiary\u201d. Z tej okazji pragn\u0119 skierowa\u0107 do Was, umi\u0142owani Diecezjanie, to pasterskie s\u0142owo. <\/p>\n\n\n\n<p>&#8230;&#8230;.<\/p>\n\n\n\n<p>3. Drodzy Bracia i Siostry! Pan nieustannie pragnie przychodzi\u0107 do nas, aby wyprowadza\u0107 nas z nazbyt banalnego prze\u017cywania codzienno\u015bci i odkrywa\u0107 przed nami prawdziwe pi\u0119kno \u017cycia, w kt\u00f3rym On sam chce si\u0119 nam objawia\u0107. Aklamacja \u201eOto wielka tajemnica wiary\u201d wyra\u017ca zdumienie wobec przeistoczenia chleba i wina w Cia\u0142o i Krew Pana. Mo\u017ce ona jednak wybrzmiewa\u0107 z naszych ust ka\u017cdego dnia, kiedy pozwolimy, aby ta przemiana ogarnia\u0142a nasze \u017cycie, a przez nie ca\u0142y \u015bwiat naszych relacji i nasze \u015brodowiska. Nie kr\u0119pujmy mocy Boga, dzia\u0142aj\u0105cej w Eucharystii i przez Eucharysti\u0119 w nas! <\/p>\n\n\n\n<p>To z tego powodu dziel\u0119 si\u0119 z Wami pragnieniem, aby rozpoczynaj\u0105cy si\u0119 rok liturgiczny sta\u0142 si\u0119 dla nas wszystkich czasem ponownego odkrycia i zachwycenia si\u0119 wielk\u0105 tajemnic\u0105 naszej wiary, kt\u00f3ra t\u0119tni w celebracji Eucharystii. Zach\u0119cam was, drodzy Bracia w kap\u0142a\u0144stwie, aby\u015bcie sami czerpi\u0105c z daru Eucharystii, gorliwie pomagali prze\u017cywa\u0107 j\u0105 tym, kt\u00f3rzy s\u0105 powierzeni waszej opiece (por. KL 14). Niech troska o pi\u0119kno liturgii, staranno\u015b\u0107 celebracji oraz gorliwo\u015b\u0107 w przepowiadaniu b\u0119d\u0105 \u017cywym \u015bwiadectwem dla Ludu Bo\u017cego.  <\/p>\n\n\n\n<p>Tak\u017ce was, drodzy Diecezjanie, zach\u0119cam, aby\u015bcie z otwarto\u015bci\u0105 i \u015bmia\u0142o\u015bci\u0105 m\u00f3wili o swoich pragnieniach waszym pasterzom. Niech Wasz g\u0142os pomo\u017ce nam proponowa\u0107 takie inicjatywy formacji liturgicznej, kt\u00f3re nie b\u0119d\u0105c w konflikcie z czasem zawodowych i rodzinnych obowi\u0105zk\u00f3w, zdo\u0142aj\u0105 odpowiada\u0107 na wasze duchowe potrzeby. Nie b\u00f3jmy si\u0119 podejmowa\u0107 tematu Eucharystii w parafialnych wsp\u00f3lnotach, a zw\u0142aszcza podczas duszpasterskiej wizyty kol\u0119dowej. Nie l\u0119kajmy si\u0119 tworzy\u0107 grup pog\u0142\u0119biaj\u0105cych temat liturgii, nie obawiajmy si\u0119 prosi\u0107 o katechezy liturgiczne, kt\u00f3re pomog\u0105 nam prze\u017cywa\u0107 t\u0119 wielk\u0105 tajemnic\u0119 wiary. Nie wahajmy si\u0119 w formacji si\u0119ga\u0107 do nauczania ostatnich papie\u017cy: Jana Paw\u0142a II, Benedykta XVI i Franciszka, kt\u00f3rzy wielokrotnie podejmowali temat Eucharystii. <\/p>\n\n\n\n<p>Biskup Rzeszowski <\/p>\n\n\n\n<p>+ Jan W\u0105troba <\/p>\n\r\n","protected":false},"excerpt":{"rendered":"<p>Od 1 grudnia, od I niedzieli adwentu, prze\u017cywany szczeg\u00f3lny czas przygotowania na przyj\u015bcie Pana w tajemnicy Bo\u017cego Narodzenia i oczekiwania na Jego powt\u00f3rne przyj\u015bcie na ko\u0144cu czas\u00f3w. Z tej racji Biskup Rzeszowski Jan W\u0105troba skierowa\u0142 do diecezjan list pasterski. Oto jego fragment: &#8222;Pierwsza Niedziela Adwentu otwiera przed nami nowy rok liturgiczny: czas \u0142aski i obecno\u015bci Pana po\u015br\u00f3d nas. W Ko\u015bciele &hellip; <\/p>\n","protected":false},"author":1,"featured_media":442,"comment_status":"closed","ping_status":"closed","sticky":false,"template":"","format":"standard","meta":{"footnotes":""},"categories":[1],"tags":[],"class_list":["post-709","post","type-post","status-publish","format-standard","has-post-thumbnail","hentry","category-newsy"],"_links":{"self":[{"href":"https:\/\/www.dks.rzeszow.pl\/index.php\/wp-json\/wp\/v2\/posts\/709","targetHints":{"allow":["GET"]}}],"collection":[{"href":"https:\/\/www.dks.rzeszow.pl\/index.php\/wp-json\/wp\/v2\/posts"}],"about":[{"href":"https:\/\/www.dks.rzeszow.pl\/index.php\/wp-json\/wp\/v2\/types\/post"}],"author":[{"embeddable":true,"href":"https:\/\/www.dks.rzeszow.pl\/index.php\/wp-json\/wp\/v2\/users\/1"}],"replies":[{"embeddable":true,"href":"https:\/\/www.dks.rzeszow.pl\/index.php\/wp-json\/wp\/v2\/comments?post=709"}],"version-history":[{"count":3,"href":"https:\/\/www.dks.rzeszow.pl\/index.php\/wp-json\/wp\/v2\/posts\/709\/revisions"}],"predecessor-version":[{"id":4234,"href":"https:\/\/www.dks.rzeszow.pl\/index.php\/wp-json\/wp\/v2\/posts\/709\/revisions\/4234"}],"wp:featuredmedia":[{"embeddable":true,"href":"https:\/\/www.dks.rzeszow.pl\/index.php\/wp-json\/wp\/v2\/media\/442"}],"wp:attachment":[{"href":"https:\/\/www.dks.rzeszow.pl\/index.php\/wp-json\/wp\/v2\/media?parent=709"}],"wp:term":[{"taxonomy":"category","embeddable":true,"href":"https:\/\/www.dks.rzeszow.pl\/index.php\/wp-json\/wp\/v2\/categories?post=709"},{"taxonomy":"post_tag","embeddable":true,"href":"https:\/\/www.dks.rzeszow.pl\/index.php\/wp-json\/wp\/v2\/tags?post=709"}],"curies":[{"name":"wp","href":"https:\/\/api.w.org\/{rel}","templated":true}]}}