{"id":706,"date":"2019-11-29T19:52:00","date_gmt":"2019-11-29T18:52:00","guid":{"rendered":"http:\/\/parafie.wsd.rzeszow.pl\/dks\/?p=706"},"modified":"2024-09-18T11:50:51","modified_gmt":"2024-09-18T09:50:51","slug":"nowenna-przed-niepokalanym-poczeciem-nmp","status":"publish","type":"post","link":"https:\/\/www.dks.rzeszow.pl\/index.php\/2019\/11\/29\/nowenna-przed-niepokalanym-poczeciem-nmp\/","title":{"rendered":"Nowenna przed Niepokalanym Pocz\u0119ciem NMP"},"content":{"rendered":"\n<p>W dniach od 29 listopada do 7 grudnia DKS w Rzeszowie prze\u017cywa\u0142 Nowenn\u0119 przed Niepokalanym Pocz\u0119ciem NMP. Nowenn\u0119 prowadzi\u0142 ks. Infu\u0142at Wies\u0142aw Szurek.<\/p>\n\n\n\n<p>Modlitwa&nbsp;<em>(odmawiana w ka\u017cdym dniu nowenny)<br><\/em><strong>O Niepokalana, nieba i ziemi Kr\u00f3lowo<\/strong>, wiem, \u017ce niegodzien jestem zbli\u017cy\u0107 si\u0119 do Ciebie, upa\u015b\u0107 przed Tob\u0105 na kolana z czo\u0142em przy ziemi, ale poniewa\u017c kocham Ci\u0119 bardzo, przeto o\u015bmielam si\u0119 prosi\u0107 Ci\u0119, by\u015b by\u0142a tak dobra i powiedzia\u0142a mi &#8211; kim jeste\u015b? Pragn\u0119 bowiem poznawa\u0107 Ci\u0119 coraz wi\u0119cej i wi\u0119cej &#8211; bez granic, i mi\u0142owa\u0107 coraz gor\u0119cej i gor\u0119cej bez \u017cadnych ogranicze\u0144. I pragn\u0119 powiedzie\u0107 te\u017c innym duszom, kim Ty jeste\u015b, by coraz wi\u0119cej i wi\u0119cej dusz Ci\u0119 coraz doskonalej pozna\u0142o i coraz gor\u0119cej mi\u0142owa\u0142o. Owszem, by\u015b si\u0119 sta\u0142a Kr\u00f3low\u0105 wszystkich serc, co bij\u0105 na ziemi i co bi\u0107 kiedykolwiek b\u0119d\u0105 i to jak najpr\u0119dzej i jak najpr\u0119dzej.<br>Jedni nie znaj\u0105 jeszcze wcale Twego imienia. Inni ugrz\u0119\u017ali w moralnym b\u0142ocie, nie \u015bmi\u0105 oczu wznie\u015b\u0107 do Ciebie. Jeszcze innym wydaje si\u0119, \u017ce Ci\u0119 nie potrzebuj\u0105 do osi\u0105gni\u0119cia celu \u017cycia. A s\u0105 i tacy, kt\u00f3rym szatan, co sam nie chcia\u0142 uzna\u0107 Ci\u0119 za sw\u0105 Kr\u00f3low\u0119 i st\u0105d z anio\u0142a w szatana si\u0119 przemieni\u0142, nie dozwala przed Tob\u0105 ugi\u0105\u0107 kolan. Wielu kocha, mi\u0142uje, ale jak\u017ce ma\u0142o jest takich, co gotowi s\u0105 dla Twej mi\u0142o\u015bci na wszystko, prace, cierpienia i nawet ofiar\u0119 z \u017cycia.&nbsp;<br>O Pani, zakr\u00f3luj w sercach wszystkich i ka\u017cdego z osobna.&nbsp;Niech wszyscy mieszka\u0144cy ziemi uznaj\u0105 Ci\u0119 za Matk\u0119, a Ojca na niebie&nbsp;za Ojca i tak wreszcie poczuj\u0105 si\u0119 bra\u0107mi. Amen.&nbsp;<em>(modlitwa \u015bw. Maksymiliana M. Kolbe &#8222;O kr\u00f3lowanie Maryi&#8221;)<\/em><\/p>\n\n\n\n<p>Modlitwa<em>(odmawiana w ka\u017cdym dniu nowenny)<br><\/em><strong>O Maryjo bez grzechu pocz\u0119ta<\/strong>, m\u00f3dl si\u0119 za nami, kt\u00f3rzy si\u0119 do Ciebie uciekamy, i za wszystkimi, kt\u00f3rzy si\u0119 do Ciebie nie uciekaj\u0105, a zw\u0142aszcza za nieprzyjaci\u00f3\u0142mi Ko\u015bcio\u0142a \u015bwi\u0119tego i poleconymi Tobie.<\/p>\n\n\n\n<p><\/p>\n\r\n","protected":false},"excerpt":{"rendered":"<p>W dniach od 29 listopada do 7 grudnia DKS w Rzeszowie prze\u017cywa\u0142 Nowenn\u0119 przed Niepokalanym Pocz\u0119ciem NMP. Nowenn\u0119 prowadzi\u0142 ks. Infu\u0142at Wies\u0142aw Szurek. Modlitwa&nbsp;(odmawiana w ka\u017cdym dniu nowenny)O Niepokalana, nieba i ziemi Kr\u00f3lowo, wiem, \u017ce niegodzien jestem zbli\u017cy\u0107 si\u0119 do Ciebie, upa\u015b\u0107 przed Tob\u0105 na kolana z czo\u0142em przy ziemi, ale poniewa\u017c kocham Ci\u0119 bardzo, przeto o\u015bmielam si\u0119 prosi\u0107 Ci\u0119, &hellip; <\/p>\n","protected":false},"author":1,"featured_media":707,"comment_status":"closed","ping_status":"closed","sticky":false,"template":"","format":"standard","meta":{"footnotes":""},"categories":[1],"tags":[],"class_list":["post-706","post","type-post","status-publish","format-standard","has-post-thumbnail","hentry","category-newsy"],"_links":{"self":[{"href":"https:\/\/www.dks.rzeszow.pl\/index.php\/wp-json\/wp\/v2\/posts\/706","targetHints":{"allow":["GET"]}}],"collection":[{"href":"https:\/\/www.dks.rzeszow.pl\/index.php\/wp-json\/wp\/v2\/posts"}],"about":[{"href":"https:\/\/www.dks.rzeszow.pl\/index.php\/wp-json\/wp\/v2\/types\/post"}],"author":[{"embeddable":true,"href":"https:\/\/www.dks.rzeszow.pl\/index.php\/wp-json\/wp\/v2\/users\/1"}],"replies":[{"embeddable":true,"href":"https:\/\/www.dks.rzeszow.pl\/index.php\/wp-json\/wp\/v2\/comments?post=706"}],"version-history":[{"count":2,"href":"https:\/\/www.dks.rzeszow.pl\/index.php\/wp-json\/wp\/v2\/posts\/706\/revisions"}],"predecessor-version":[{"id":4232,"href":"https:\/\/www.dks.rzeszow.pl\/index.php\/wp-json\/wp\/v2\/posts\/706\/revisions\/4232"}],"wp:featuredmedia":[{"embeddable":true,"href":"https:\/\/www.dks.rzeszow.pl\/index.php\/wp-json\/wp\/v2\/media\/707"}],"wp:attachment":[{"href":"https:\/\/www.dks.rzeszow.pl\/index.php\/wp-json\/wp\/v2\/media?parent=706"}],"wp:term":[{"taxonomy":"category","embeddable":true,"href":"https:\/\/www.dks.rzeszow.pl\/index.php\/wp-json\/wp\/v2\/categories?post=706"},{"taxonomy":"post_tag","embeddable":true,"href":"https:\/\/www.dks.rzeszow.pl\/index.php\/wp-json\/wp\/v2\/tags?post=706"}],"curies":[{"name":"wp","href":"https:\/\/api.w.org\/{rel}","templated":true}]}}