{"id":701,"date":"2024-11-01T11:33:00","date_gmt":"2024-11-01T10:33:00","guid":{"rendered":"http:\/\/parafie.wsd.rzeszow.pl\/dks\/?p=701"},"modified":"2024-11-18T06:26:16","modified_gmt":"2024-11-18T05:26:16","slug":"listopada-miesiac-modlitwy-za-zmarlych","status":"publish","type":"post","link":"https:\/\/www.dks.rzeszow.pl\/index.php\/2024\/11\/01\/listopada-miesiac-modlitwy-za-zmarlych\/","title":{"rendered":"Listopad- miesi\u0105c modlitwy za zmar\u0142ych"},"content":{"rendered":"\n<p>W DKS modlimy si\u0119 za zmar\u0142ych szczeg\u00f3lnie ka\u017cdego dnia listopada, przez pierwsze 8 dni o godz. 16.00 w formie nabo\u017ce\u0144stwa r\u00f3\u017ca\u0144cowego o godz. 16.00. W kolejnych dniach polecamy zmar\u0142ych w dziesi\u0105tku r\u00f3\u017ca\u0144ca po Mszy \u015awi\u0119tej.<\/p>\n\n\n\n<p>Modlimy si\u0119 za zmar\u0142ych kap\u0142an\u00f3w, kt\u00f3rzy mieszkali w DKS, za zmar\u0142ych kap\u0142an\u00f3w z diecezji i siostry ze Zgromadzenia Franciszkanek Rodziny Maryi.<\/p>\n\n\n\n<p>Wieczny odpoczynek racz im da\u0107, Panie,<br>a \u015bwiat\u0142o\u015b\u0107 wiekuista niechaj im \u015bwieci.<br>Niech odpoczywaj\u0105 w pokoju wiecznym.<br>Amen.<\/p>\n\r\n","protected":false},"excerpt":{"rendered":"<p>W DKS modlimy si\u0119 za zmar\u0142ych szczeg\u00f3lnie ka\u017cdego dnia listopada, przez pierwsze 8 dni o godz. 16.00 w formie nabo\u017ce\u0144stwa r\u00f3\u017ca\u0144cowego o godz. 16.00. W kolejnych dniach polecamy zmar\u0142ych w dziesi\u0105tku r\u00f3\u017ca\u0144ca po Mszy \u015awi\u0119tej. Modlimy si\u0119 za zmar\u0142ych kap\u0142an\u00f3w, kt\u00f3rzy mieszkali w DKS, za zmar\u0142ych kap\u0142an\u00f3w z diecezji i siostry ze Zgromadzenia Franciszkanek Rodziny Maryi. Wieczny odpoczynek racz im &hellip; <\/p>\n","protected":false},"author":1,"featured_media":702,"comment_status":"closed","ping_status":"closed","sticky":false,"template":"","format":"standard","meta":{"footnotes":""},"categories":[1],"tags":[],"class_list":["post-701","post","type-post","status-publish","format-standard","has-post-thumbnail","hentry","category-newsy"],"_links":{"self":[{"href":"https:\/\/www.dks.rzeszow.pl\/index.php\/wp-json\/wp\/v2\/posts\/701","targetHints":{"allow":["GET"]}}],"collection":[{"href":"https:\/\/www.dks.rzeszow.pl\/index.php\/wp-json\/wp\/v2\/posts"}],"about":[{"href":"https:\/\/www.dks.rzeszow.pl\/index.php\/wp-json\/wp\/v2\/types\/post"}],"author":[{"embeddable":true,"href":"https:\/\/www.dks.rzeszow.pl\/index.php\/wp-json\/wp\/v2\/users\/1"}],"replies":[{"embeddable":true,"href":"https:\/\/www.dks.rzeszow.pl\/index.php\/wp-json\/wp\/v2\/comments?post=701"}],"version-history":[{"count":4,"href":"https:\/\/www.dks.rzeszow.pl\/index.php\/wp-json\/wp\/v2\/posts\/701\/revisions"}],"predecessor-version":[{"id":4230,"href":"https:\/\/www.dks.rzeszow.pl\/index.php\/wp-json\/wp\/v2\/posts\/701\/revisions\/4230"}],"wp:featuredmedia":[{"embeddable":true,"href":"https:\/\/www.dks.rzeszow.pl\/index.php\/wp-json\/wp\/v2\/media\/702"}],"wp:attachment":[{"href":"https:\/\/www.dks.rzeszow.pl\/index.php\/wp-json\/wp\/v2\/media?parent=701"}],"wp:term":[{"taxonomy":"category","embeddable":true,"href":"https:\/\/www.dks.rzeszow.pl\/index.php\/wp-json\/wp\/v2\/categories?post=701"},{"taxonomy":"post_tag","embeddable":true,"href":"https:\/\/www.dks.rzeszow.pl\/index.php\/wp-json\/wp\/v2\/tags?post=701"}],"curies":[{"name":"wp","href":"https:\/\/api.w.org\/{rel}","templated":true}]}}