{"id":649,"date":"2019-09-11T11:47:49","date_gmt":"2019-09-11T09:47:49","guid":{"rendered":"http:\/\/parafie.wsd.rzeszow.pl\/dks\/?p=649"},"modified":"2024-09-18T11:50:48","modified_gmt":"2024-09-18T09:50:48","slug":"kalendarium-dks-2019-2020","status":"publish","type":"post","link":"https:\/\/www.dks.rzeszow.pl\/index.php\/2019\/09\/11\/kalendarium-dks-2019-2020\/","title":{"rendered":"Kalendarium DKS 2019\/2020"},"content":{"rendered":"\n<p><strong>Wrzesie\u0144 2019<\/strong><\/p>\n\n\n\n<p>12 wrze\u015bnia, Odpust u OO. Bernardyn\u00f3w \u2013 u Pani Reszowa, godz. 18.00<\/p>\n\n\n\n<p>14 wrze\u015bnia,\n\u015awi\u0119to Podwy\u017cszenia Krzy\u017ca \u2013 Ca\u0142a Polska pod krzy\u017cem<\/p>\n\n\n\n<p>14-16\nwrze\u015bnia, Triduum przez uroczysto\u015bci\u0105 odpustow\u0105 \u015bw. Zygmunta Szcz\u0119snego\nFeli\u0144skiego<\/p>\n\n\n\n<p>15-22\nwrze\u015bnia, Tydzie\u0144 Wychowania w Polsce<br>\n17 wrze\u015bnia, Uroczysto\u015bc odpustowa w DKS \u2013\n\u015bw. Zygmunta Szcz\u0119snego Feli\u0144skiego, godz. 16.00, przewodniczy Biskup Kazimierz<\/p>\n\n\n\n<p><strong>Pa\u017adziernik 2019<\/strong><\/p>\n\n\n\n<p>1-31\npa\u017adziernika, Nabo\u017ce\u0144stwa r\u00f3\u017ca\u0144cowe, godz. 16.00<\/p>\n\n\n\n<p>5\npa\u017adziernika, Wspomnienie \u015bw. Faustyny Kowalskiej<\/p>\n\n\n\n<p>13 pa\u017adziernika, Wybory parlamentarne<\/p>\n\n\n\n<p>13 pa\u017adziernika XIX Dzie\u0144 Papieski<\/p>\n\n\n\n<p>13 pa\u017adziernika, Imieniny bpa Edwarda Bia\u0142og\u0142owskiego, spotkanie w DKS z\nBiskupem &#8211; 15 pa\u017adziernika o 12.30. <\/p>\n\n\n\n<p>20 pa\u017adziernika,&nbsp; Niedziela\nmisyjna, rozpoczyna si\u0119 Tydzie\u0144 Misyjny<\/p>\n\n\n\n<p><strong>Listopad 2019<\/strong><\/p>\n\n\n\n<p>Wypominki w\ndniach 1-8 listopada o godz. 16.00; w pozosta\u0142e dni po Mszy \u015awi\u0119tej<\/p>\n\n\n\n<p>1 listopada,\nWszystkich \u015awi\u0119tych<\/p>\n\n\n\n<p>2 listopada,\nWszystkich Wiernych Zmar\u0142ych<\/p>\n\n\n\n<p>5 listopada,\nImieniny P. El\u017cbiety Szeli<\/p>\n\n\n\n<p>11\nlistopada, Narodowe \u015awi\u0119to Niepodleg\u0142o\u015bci<br>\n20 listopada, Imieniny ks. Feliksa Flejszara<\/p>\n\n\n\n<p>25\nlistopada, Imieniny P. Katarzyny Dobrza\u0144skiej-R\u00f3g <\/p>\n\n\n\n<p>29\nlistopada- 7 grudnia, Nowenna przed Uroczysto\u015bci\u0105 Niepokalanego Pocz\u0119cia NMP<\/p>\n\n\n\n<p>30\nlistopada, Imieniny ks. Andrzeja Garbarza i ks. Andrzeja Skupienia<\/p>\n\n\n\n<p>30\nlistopada,&nbsp; Adwentowy dzie\u0144 skupienia &#8211;\ngodz. 10.00, S\u0119dzisz\u00f3w Ma\u0142opolski \u2013 Ojcowie\nKapucyni; godz. 14.00, D\u0119bowiec \u2013 Ksi\u0119\u017ca Saletyni<\/p>\n\n\n\n<p><strong>Grudzie\u0144 2019<\/strong><\/p>\n\n\n\n<p>1 grudnia, I\nNiedziela Adwentu<\/p>\n\n\n\n<p>2\ngrudnia,&nbsp; &nbsp;godz. 15.00 i 19.00 \u2013 adwentowy dzie\u0144\nskupienia &#8211; Rzesz\u00f3w \u2013 Dom Diecezjalny Tabor<\/p>\n\n\n\n<p>4 grudnia,\nImieniny P. Barbary Jaworskiej<\/p>\n\n\n\n<p>8 grudnia,\nNiepokalane Pocz\u0119cie NMP<\/p>\n\n\n\n<p>8 grudnia,\nImieniny ks. Mariana Homy<\/p>\n\n\n\n<p>13 grudnia,\nDzie\u0144 modlitw za ofiary stanu wojennego<br>\n16-24 grudnia, Nowenna przed Bo\u017cym Narodzeniem<\/p>\n\n\n\n<p>24 grudnia,\nWigilia z Ks. Biskupem Ordynariuszem godz. 15.00<\/p>\n\n\n\n<p>25 grudnia,\nBo\u017ce Narodzenie<\/p>\n\n\n\n<p>27 grudnia,\n\u015bw. Jana Aposto\u0142a \u2013 imieniny Biskupa Rzeszowskiego Jana W\u0105troby<\/p>\n\n\n\n<p>29 grudnia \u2013 I stycznia, 42. Europejskie\nSpotkanie M\u0142odych Taiz\u00e9 we Wroc\u0142awiu<\/p>\n\n\n\n<p>31 grudnia,\nMsza \u015bw. na zako\u0144czenie roku o 24.00<\/p>\n\n\n\n<p>Kol\u0119da w DKS<\/p>\n\n\n\n<p><strong>Stycze\u0144 2020<\/strong><\/p>\n\n\n\n<p>1 stycznia,\nImieniny \u2013 Ks. Mieczys\u0142awa Barcia i Ks. Mieczys\u0142awa Czudca<\/p>\n\n\n\n<p>3 stycznia,\nimieniny Pani Danuty Klimczak <\/p>\n\n\n\n<p>4 &nbsp;stycznia, Spotkanie \u015bwi\u0105teczne z Ksi\u0119\u017cmi\nBiskupami, godz. 16.00<\/p>\n\n\n\n<p>6 stycznia,\nOrszak Trzech Kr\u00f3li \u2013 godz. 12.00 i rocznica konsekracji Bpa Kazimierza G\u00f3rnego\ni Edwarda Bia\u0142og\u0142owskiego, Katedra godz. 18.00<\/p>\n\n\n\n<p>7 stycznia,\nMsza \u015bw. dla pracownik\u00f3w, godz. 9.00 \u2013 I grupa<\/p>\n\n\n\n<p>8 stycznia,\nMsza \u015bw. dla pracownik\u00f3w, godz. 9.00 \u2013 II grupa<\/p>\n\n\n\n<p>19 stycznia, Imieniny ks. Henryka Markowskiego i Ks. Mariusza Nowaka<\/p>\n\n\n\n<p><strong>Luty 2020<\/strong><\/p>\n\n\n\n<p>2 lutego,\nOfiarowanie Pa\u0144skie, Dzie\u0144 \u017bycia Konsekrowanego,<\/p>\n\n\n\n<p>5 lutego,\nImieniny P. Agaty Maziarz<\/p>\n\n\n\n<p>6 lutego,\nImieniny S. Doroty Kowalik i Pani Doroty&nbsp;\nSzczepanik<\/p>\n\n\n\n<p>26 lutego\n\u015aroda Popielcowa, pocz\u0105tek Wielkiego Postu<\/p>\n\n\n\n<p>Droga\nkrzy\u017cowa i Gorzkie \u017cale, o godz. 16.00<\/p>\n\n\n\n<p>28 lutego,\nImieniny ks. Romana Jurczaka<\/p>\n\n\n\n<p>29 lutego, &nbsp;Wielkopostny dzie\u0144 skupienia, &nbsp;godz. 10.00 S\u0119dzisz\u00f3w Ma\u0142opolski \u2013 Kapucyni;\ngodz. 14.00&nbsp; D\u0119bowiec \u2013 Ksi\u0119\u017ca Saletyni<\/p>\n\n\n\n<p><strong>Marzec 2020<\/strong><\/p>\n\n\n\n<p>2 marca, wielkopostny\ndzie\u0144 skupienia &#8211; Rzesz\u00f3w \u2013 Dom Diecezjalny Tabor, godz. 15.00 i godz. 19.00.<\/p>\n\n\n\n<p>4 marca, Imieniny Ks. Bp. Kazimierza G\u00f3rnego i ks. Kazimierza Bi\u015bto,\nBiskup uczestniczy w obiedzie &#8211; 12.30<\/p>\n\n\n\n<p>8 marca,\nImieniny Pani Beaty \u017by\u0142y<\/p>\n\n\n\n<p>10-18 marca,\nNowenna przed Uroczysto\u015bci\u0105 \u015bw. J\u00f3zefa (po Mszy \u015bw. wraz z litani\u0105)<\/p>\n\n\n\n<p>19 marca \u2013\nUroczysto\u015b\u0107 \u015bw. J\u00f3zefa; Imieniny ks. J\u00f3zefa Brzostowskiego<\/p>\n\n\n\n<p><strong>Kwiecie\u0144 2020<\/strong><\/p>\n\n\n\n<p>1 kwietnia,\nImieniny P. Gra\u017cyny Luba\u015b<\/p>\n\n\n\n<p>3 kwietnia,\nImieniny P. Ryszarda Materny<\/p>\n\n\n\n<p>9 kwietnia\nWielki Czwartek, Msza \u015awi\u0119ta o godz. 16.00<\/p>\n\n\n\n<p>10 kwietnia\nWielki Pi\u0105tek, Nabo\u017ce\u0144stwo o godz. 15.00<\/p>\n\n\n\n<p>11 kwietnia, Wielka Sobota, \u015awi\u0119cenie pokarm\u00f3w o godz. 12.00 &#8211; Biskup\nOrdynariusz; Obrz\u0119dy Wielkiej Soboty o godz. 16.00<\/p>\n\n\n\n<p>12 kwietnia,\nWielkanoc, Msza \u015awi\u0119ta o godz. 9.00<\/p>\n\n\n\n<p>23 kwietnia,\ngodz. 13.00 Spotkanie imieninowe (czwartek)<\/p>\n\n\n\n<p>23 kwietnia,\nImieniny ks. Wies\u0142awa Szurka<\/p>\n\n\n\n<p>24 kwietnia,\nImieniny ks. Jerzego Buczka i ks. Jerzego Grudniaka, Ks. Jerzego Paradysza, Ks.\nJerzego Kurcka<\/p>\n\n\n\n<p><strong>Maj 2020<\/strong><\/p>\n\n\n\n<p>Nabo\u017ce\u0144stwa\nmajowe o godz. 16.00<\/p>\n\n\n\n<p>3 maja, MB\nKr\u00f3lowej Polski, \u015awi\u0119to Konstytucji<\/p>\n\n\n\n<p>5 maja,\nImieniny P. Waldemara Paducha<\/p>\n\n\n\n<p>8 maja,\nImieniny ks. Stanis\u0142awa G\u0105siora, ks. Stanis\u0142awa Jezierskiego, ks. Stanis\u0142awa\nMazura, ks. Stanis\u0142awa Pelczara<\/p>\n\n\n\n<p>15 maja, Imieniny\nP. Zofii Bem<\/p>\n\n\n\n<p>16 maja,\nImieniny ks Andrzeja Urbana<\/p>\n\n\n\n<p>20 maja,\nRocznica konsekracji Bp. Rzeszowskiego Jana W\u0105troby<\/p>\n\n\n\n<p>22-30 maja,\nNowenna przed Zes\u0142aniem Ducha \u015awi\u0119tego i \u015bwi\u0119ceniami<\/p>\n\n\n\n<p>23 maja, \u015awi\u0119cenia\ndiakonatu<\/p>\n\n\n\n<p>30 maja, \u015awi\u0119cenia\nprezbiteratu<\/p>\n\n\n\n<p>31 maja, Zes\u0142anie\nDucha \u015awi\u0119tego<\/p>\n\n\n\n<p><strong>Czerwiec 2020<\/strong><\/p>\n\n\n\n<p>Nabo\u017ce\u0144stwa\nczerwcowe po Mszy \u015awi\u0119tej<\/p>\n\n\n\n<p>11 czerwca,\nBo\u017ce Cia\u0142o<\/p>\n\n\n\n<p>13 czerwca,\nImieniny ks. Antoniego Domino<\/p>\n\n\n\n<p>13 czerwca, &nbsp;Diecezjalny dzie\u0144\nmodlitwy o \u015bwi\u0119to\u015b\u0107 kap\u0142a\u0144sk\u0105 \u2013 Katedra Rzeszowska, godz. 9.30<\/p>\n\n\n\n<p>18 czerwca,\nImieniny P. El\u017cbiety Ziaja<\/p>\n\n\n\n<p>21 czerwca,\nImieniny S. Alicji Koszelnik<\/p>\n\n\n\n<p>21-24\nczerwca \u2013 rekolekcje kap\u0142a\u0144skie w Instytucie Teologiczno-Pastoralnym \u2013 pierwsza\nseria<\/p>\n\n\n\n<p>24 czerwca,\nImieniny ks. Jana Kobylarza, ks. Jana Krzy\u015bko<\/p>\n\n\n\n<p>27 czerwca,\nImieniny ks. W\u0142adys\u0142awa Ko\u0142odzieja<\/p>\n\n\n\n<p>29&nbsp; czerwca, Imieniny ks. Piotra Mierzwy, ks.\nPiotra Potyra\u0142y, ks. Paw\u0142a Tomonia.<\/p>\n\n\n\n<p>czerwiec, Jubileusze\nkap\u0142an\u00f3w: ks. Stanis\u0142aw Jezierski, 55 lat, Ks. Stanis\u0142aw Pelczar \u2013 55 lat, Ks. Nowak\nMariusz \u2013 25 lat. <\/p>\n\n\n\n<p><strong>Lipiec 2020<\/strong><\/p>\n\n\n\n<p>3 lipca,\nImieniny ks. Tomasza Czelu\u015bniaka<\/p>\n\n\n\n<p>20 lipca,\nRocznica ingresu Biskupa Rzesowskiego Jana W\u0105troby do katedry rzeszowskiej<\/p>\n\n\n\n<p>25 lipca,\nImieniny ks. Krzysztofa Pi\u0119kosia i ks. Krzysztofa Rybki<\/p>\n\n\n\n<p>26 lipca,\nImieniny S. Anny Stawiarskiej<\/p>\n\n\n\n<p><strong>Sierpie\u0144 2020<\/strong><\/p>\n\n\n\n<p>9 sierpnia,\nImieniny ks. Romana Niedzieli<\/p>\n\n\n\n<p>23-26\nsierpnia \u2013 rekolekcje kap\u0142a\u0144skie w Instytucie Teologiczno-Pastoralnym \u2013 druga\nseria<\/p>\n\r\n","protected":false},"excerpt":{"rendered":"<p>Wrzesie\u0144 2019 12 wrze\u015bnia, Odpust u OO. Bernardyn\u00f3w \u2013 u Pani Reszowa, godz. 18.00 14 wrze\u015bnia, \u015awi\u0119to Podwy\u017cszenia Krzy\u017ca \u2013 Ca\u0142a Polska pod krzy\u017cem 14-16 wrze\u015bnia, Triduum przez uroczysto\u015bci\u0105 odpustow\u0105 \u015bw. Zygmunta Szcz\u0119snego Feli\u0144skiego 15-22 wrze\u015bnia, Tydzie\u0144 Wychowania w Polsce 17 wrze\u015bnia, Uroczysto\u015bc odpustowa w DKS \u2013 \u015bw. Zygmunta Szcz\u0119snego Feli\u0144skiego, godz. 16.00, przewodniczy Biskup Kazimierz Pa\u017adziernik 2019 1-31 pa\u017adziernika, &hellip; <\/p>\n","protected":false},"author":1,"featured_media":650,"comment_status":"closed","ping_status":"closed","sticky":false,"template":"","format":"standard","meta":{"footnotes":""},"categories":[14],"tags":[],"class_list":["post-649","post","type-post","status-publish","format-standard","has-post-thumbnail","hentry","category-kalendarz"],"_links":{"self":[{"href":"https:\/\/www.dks.rzeszow.pl\/index.php\/wp-json\/wp\/v2\/posts\/649","targetHints":{"allow":["GET"]}}],"collection":[{"href":"https:\/\/www.dks.rzeszow.pl\/index.php\/wp-json\/wp\/v2\/posts"}],"about":[{"href":"https:\/\/www.dks.rzeszow.pl\/index.php\/wp-json\/wp\/v2\/types\/post"}],"author":[{"embeddable":true,"href":"https:\/\/www.dks.rzeszow.pl\/index.php\/wp-json\/wp\/v2\/users\/1"}],"replies":[{"embeddable":true,"href":"https:\/\/www.dks.rzeszow.pl\/index.php\/wp-json\/wp\/v2\/comments?post=649"}],"version-history":[{"count":3,"href":"https:\/\/www.dks.rzeszow.pl\/index.php\/wp-json\/wp\/v2\/posts\/649\/revisions"}],"predecessor-version":[{"id":4214,"href":"https:\/\/www.dks.rzeszow.pl\/index.php\/wp-json\/wp\/v2\/posts\/649\/revisions\/4214"}],"wp:featuredmedia":[{"embeddable":true,"href":"https:\/\/www.dks.rzeszow.pl\/index.php\/wp-json\/wp\/v2\/media\/650"}],"wp:attachment":[{"href":"https:\/\/www.dks.rzeszow.pl\/index.php\/wp-json\/wp\/v2\/media?parent=649"}],"wp:term":[{"taxonomy":"category","embeddable":true,"href":"https:\/\/www.dks.rzeszow.pl\/index.php\/wp-json\/wp\/v2\/categories?post=649"},{"taxonomy":"post_tag","embeddable":true,"href":"https:\/\/www.dks.rzeszow.pl\/index.php\/wp-json\/wp\/v2\/tags?post=649"}],"curies":[{"name":"wp","href":"https:\/\/api.w.org\/{rel}","templated":true}]}}