{"id":5184,"date":"2025-12-09T17:09:49","date_gmt":"2025-12-09T16:09:49","guid":{"rendered":"https:\/\/www.dks.rzeszow.pl\/?p=5184"},"modified":"2025-12-09T17:09:50","modified_gmt":"2025-12-09T16:09:50","slug":"uroczystosc-niepokalanego-poczecia-nmp-nowenna-msza-swieta-i-godzina-swieta-w-dks","status":"publish","type":"post","link":"https:\/\/www.dks.rzeszow.pl\/index.php\/2025\/12\/09\/uroczystosc-niepokalanego-poczecia-nmp-nowenna-msza-swieta-i-godzina-swieta-w-dks\/","title":{"rendered":"Uroczysto\u015b\u0107 Niepokalanego Pocz\u0119cia NMP: Nowenna, Msza \u015awi\u0119ta i Godzina \u015awi\u0119ta w DKS"},"content":{"rendered":"\n<h2 class=\"wp-block-heading\"><\/h2>\n\n\n\n<p>Prze\u017cyli\u015bmy dni g\u0142\u0119bokiej zadumy i radosnej celebracji, kt\u00f3re wprowadzi\u0142y nas w samo serce tajemnicy Niepokalanej. Okres przygotowania do uroczysto\u015bci, a tak\u017ce sama Msza \u015awi\u0119ta i specjalne nabo\u017ce\u0144stwo, sta\u0142y si\u0119 dla naszej wsp\u00f3lnoty kap\u0142a\u0144skiej momentem odnowy duchowej i potwierdzenia naszej maryjnej pobo\u017cno\u015bci.<\/p>\n\n\n\n<hr class=\"wp-block-separator has-alpha-channel-opacity\"\/>\n\n\n\n<h3 class=\"wp-block-heading\"><strong>Nowenna: Dziewi\u0119\u0107 Dni Adoracji i Modlitwy<\/strong><\/h3>\n\n\n\n<p>W Domu Ksi\u0119\u017cy Senior\u00f3w tradycyjnie poprzedzili\u015bmy Uroczysto\u015b\u0107 Niepokalanego Pocz\u0119cia <strong>dziewi\u0119ciodniow\u0105 Nowenn\u0105<\/strong>. By\u0142 to czas szczeg\u00f3lnej modlitwy, w kt\u00f3rej polecali\u015bmy Maryi nasze osobiste intencje, potrzeby Ko\u015bcio\u0142a oraz nasz\u0105 wsp\u00f3lnot\u0119.<\/p>\n\n\n\n<p>Ka\u017cdego dnia, po wieczornej Mszy \u015awi\u0119tej, gromadzili\u015bmy si\u0119, aby rozwa\u017ca\u0107 poszczeg\u00f3lne przymioty i cnoty Naj\u015bwi\u0119tszej Maryi Panny, kt\u00f3rej B\u00f3g zachowa\u0142 od zmazy grzechu pierworodnego. Te chwile medytacji, cz\u0119sto w ciszy naszej kaplicy, pozwala\u0142y nam <strong>zg\u0142\u0119bi\u0107 prawd\u0119 o Maryi jako wzorze czysto\u015bci i pe\u0142nej otwarto\u015bci na Bo\u017c\u0105 wol\u0119<\/strong>.<\/p>\n\n\n\n<blockquote class=\"wp-block-quote is-layout-flow wp-block-quote-is-layout-flow\">\n<p><em>\u201eNowenna ta by\u0142a dla nas, kap\u0142an\u00f3w, nie tylko modlitw\u0105, ale i przypomnieniem o konieczno\u015bci nieustannego d\u0105\u017cenia do \u015bwi\u0119to\u015bci, wzoruj\u0105c si\u0119 na Dziewicy, kt\u00f3ra \u2018uwierzy\u0142a, \u017ce spe\u0142ni\u0105 si\u0119 s\u0142owa powiedziane Jej od Pana\u2019.\u201d<\/em><\/p>\n<\/blockquote>\n\n\n\n<hr class=\"wp-block-separator has-alpha-channel-opacity\"\/>\n\n\n\n<h3 class=\"wp-block-heading\"><strong>Msza \u015awi\u0119ta pod Przewodnictwem Ksi\u0119dza Dyrektora<\/strong><\/h3>\n\n\n\n<p>Kulminacyjnym punktem naszych obchod\u00f3w by\u0142a uroczysta <strong>Msza \u015awi\u0119ta w dniu 8 grudnia<\/strong>. Naszej liturgii przewodniczy\u0142 i homili\u0119 wyg\u0142osi\u0142 <strong>Dyrektor Domu<\/strong>.<\/p>\n\n\n\n<h4 class=\"wp-block-heading\"><strong>Kazanie o Nadziei i Mi\u0142o\u015bci<\/strong><\/h4>\n\n\n\n<p>Ksi\u0105dz Dyrektor w swoim kazaniu skierowa\u0142 do nas s\u0142owa g\u0142\u0119bokiej refleksji. Podkre\u015bli\u0142, \u017ce tajemnica Niepokalanego Pocz\u0119cia ma fundamentalne znaczenie dla naszej wiary. M\u00f3wi\u0142 o Maryi jako <strong>\u201eJutrzence Zbawienia\u201d<\/strong> \u2013 czystym naczyniu, przygotowanym przez Boga, aby mog\u0142o si\u0119 w nim dokona\u0107 Wcielenie.<\/p>\n\n\n\n<p>Zaznaczy\u0142, \u017ce Niepokalane Pocz\u0119cie to znak <strong>nieograniczonej mi\u0142o\u015bci Boga<\/strong>, kt\u00f3ry ju\u017c w momencie stworzenia wiedzia\u0142, jak ocali\u0107 ludzko\u015b\u0107. Dla nas, kap\u0142an\u00f3w senior\u00f3w, kazanie to by\u0142o wezwaniem do:<\/p>\n\n\n\n<ul class=\"wp-block-list\">\n<li><strong>Piel\u0119gnowania czysto\u015bci serca<\/strong> w ka\u017cdym momencie naszego \u017cycia.<\/li>\n\n\n\n<li><strong>Odnowienia nadziei<\/strong>, kt\u00f3ra w Maryi znalaz\u0142a swoje pe\u0142ne urzeczywistnienie.<\/li>\n\n\n\n<li><strong>Trwania w pos\u0142udze modlitewnej<\/strong> za Ko\u015bci\u00f3\u0142.<\/li>\n<\/ul>\n\n\n\n<hr class=\"wp-block-separator has-alpha-channel-opacity\"\/>\n\n\n\n<h3 class=\"wp-block-heading\"><strong>Godzina \u015awi\u0119ta: Czas Wynagrodzenia i Kontemplacji<\/strong><\/h3>\n\n\n\n<p>W po\u0142udnie, <strong>o godzinie 12:00<\/strong>, zgodnie z tradycj\u0105, ca\u0142a wsp\u00f3lnota ksi\u0119\u017cy emeryt\u00f3w zgromadzi\u0142a si\u0119 w kaplicy na <strong>Godzin\u0119 \u015awi\u0119t\u0105<\/strong> (lub <em>Godzin\u0119 \u0141aski<\/em>).<\/p>\n\n\n\n<p>To specjalne nabo\u017ce\u0144stwo, prze\u017cywane w ciszy i skupieniu, by\u0142o po\u015bwi\u0119cone dzi\u0119kczynieniu i wynagrodzeniu Niepokalanemu Sercu Maryi. W tym uroczystym czasie, trwaj\u0105cym od po\u0142udnia, pogr\u0105\u017cyli\u015bmy si\u0119 w osobistej modlitwie, adoruj\u0105c Chrystusa obecnego w Naj\u015bwi\u0119tszym Sakramencie i jednocze\u015bnie kontempluj\u0105c wielko\u015b\u0107 Jego Matki.<\/p>\n\n\n\n<blockquote class=\"wp-block-quote is-layout-flow wp-block-quote-is-layout-flow\">\n<p><strong>Wsp\u00f3lne prze\u017cycie tej godziny, w sercu Domu Ksi\u0119\u017cy Senior\u00f3w, by\u0142o dla nas namacalnym znakiem jedno\u015bci i duchowego braterstwa, zakorzenionego w naszej mi\u0142o\u015bci do Maryi.<\/strong><\/p>\n<\/blockquote>\n\n\n\n<p>Uroczysto\u015b\u0107 Niepokalanego Pocz\u0119cia, poprzedzona Nowenn\u0105, sta\u0142a si\u0119 dla nas wszystkich nie tylko pi\u0119kn\u0105 celebracj\u0105 liturgiczn\u0105, ale przede wszystkim <strong>duchowym umocnieniem<\/strong> na czas Adwentu i pozosta\u0142e dni naszej kap\u0142a\u0144skiej pos\u0142ugi w modlitwie i ofierze.<\/p>\n","protected":false},"excerpt":{"rendered":"<p>Prze\u017cyli\u015bmy dni g\u0142\u0119bokiej zadumy i radosnej celebracji, kt\u00f3re wprowadzi\u0142y nas w samo serce tajemnicy Niepokalanej. Okres przygotowania do uroczysto\u015bci, a tak\u017ce sama Msza \u015awi\u0119ta i specjalne nabo\u017ce\u0144stwo, sta\u0142y si\u0119 dla naszej wsp\u00f3lnoty kap\u0142a\u0144skiej momentem odnowy duchowej i potwierdzenia naszej maryjnej pobo\u017cno\u015bci. Nowenna: Dziewi\u0119\u0107 Dni Adoracji i Modlitwy W Domu Ksi\u0119\u017cy Senior\u00f3w tradycyjnie poprzedzili\u015bmy Uroczysto\u015b\u0107 Niepokalanego Pocz\u0119cia dziewi\u0119ciodniow\u0105 Nowenn\u0105. By\u0142 to &hellip; <\/p>\n","protected":false},"author":1,"featured_media":2655,"comment_status":"closed","ping_status":"closed","sticky":false,"template":"","format":"standard","meta":{"footnotes":""},"categories":[1],"tags":[],"class_list":["post-5184","post","type-post","status-publish","format-standard","has-post-thumbnail","hentry","category-newsy"],"_links":{"self":[{"href":"https:\/\/www.dks.rzeszow.pl\/index.php\/wp-json\/wp\/v2\/posts\/5184","targetHints":{"allow":["GET"]}}],"collection":[{"href":"https:\/\/www.dks.rzeszow.pl\/index.php\/wp-json\/wp\/v2\/posts"}],"about":[{"href":"https:\/\/www.dks.rzeszow.pl\/index.php\/wp-json\/wp\/v2\/types\/post"}],"author":[{"embeddable":true,"href":"https:\/\/www.dks.rzeszow.pl\/index.php\/wp-json\/wp\/v2\/users\/1"}],"replies":[{"embeddable":true,"href":"https:\/\/www.dks.rzeszow.pl\/index.php\/wp-json\/wp\/v2\/comments?post=5184"}],"version-history":[{"count":1,"href":"https:\/\/www.dks.rzeszow.pl\/index.php\/wp-json\/wp\/v2\/posts\/5184\/revisions"}],"predecessor-version":[{"id":5185,"href":"https:\/\/www.dks.rzeszow.pl\/index.php\/wp-json\/wp\/v2\/posts\/5184\/revisions\/5185"}],"wp:featuredmedia":[{"embeddable":true,"href":"https:\/\/www.dks.rzeszow.pl\/index.php\/wp-json\/wp\/v2\/media\/2655"}],"wp:attachment":[{"href":"https:\/\/www.dks.rzeszow.pl\/index.php\/wp-json\/wp\/v2\/media?parent=5184"}],"wp:term":[{"taxonomy":"category","embeddable":true,"href":"https:\/\/www.dks.rzeszow.pl\/index.php\/wp-json\/wp\/v2\/categories?post=5184"},{"taxonomy":"post_tag","embeddable":true,"href":"https:\/\/www.dks.rzeszow.pl\/index.php\/wp-json\/wp\/v2\/tags?post=5184"}],"curies":[{"name":"wp","href":"https:\/\/api.w.org\/{rel}","templated":true}]}}