{"id":5066,"date":"2025-09-06T09:49:27","date_gmt":"2025-09-06T07:49:27","guid":{"rendered":"https:\/\/www.dks.rzeszow.pl\/?p=5066"},"modified":"2025-09-06T09:49:28","modified_gmt":"2025-09-06T07:49:28","slug":"wrzesien-pamiec-i-nowy-poczatek","status":"publish","type":"post","link":"https:\/\/www.dks.rzeszow.pl\/index.php\/2025\/09\/06\/wrzesien-pamiec-i-nowy-poczatek\/","title":{"rendered":"Wrzesie\u0144 \u2013 pami\u0119\u0107 i nowy pocz\u0105tek"},"content":{"rendered":"\n<h3 class=\"wp-block-heading\"><\/h3>\n\n\n\n<p>Wrzesie\u0144 to miesi\u0105c, kt\u00f3ry niesie ze sob\u0105 szczeg\u00f3lne znaczenie. Z jednej strony jest czasem refleksji nad histori\u0105, z drugiej \u2013 pocz\u0105tkiem nowych zada\u0144 i wyzwa\u0144.<\/p>\n\n\n\n<p>1 wrze\u015bnia obchodzimy rocznic\u0119 wybuchu II wojny \u015bwiatowej. To dzie\u0144, w kt\u00f3rym wspominamy ofiary wojny, poleg\u0142ych \u017co\u0142nierzy oraz cywil\u00f3w, a tak\u017ce wszystkich, kt\u00f3rzy z odwag\u0105 bronili Ojczyzny. Pami\u0119\u0107 o tamtych wydarzeniach jest dla nas zobowi\u0105zaniem do budowania pokoju i wzajemnego szacunku.<\/p>\n\n\n\n<p>Jednocze\u015bnie wrzesie\u0144 to pocz\u0105tek nowego roku szkolnego i katechetycznego. Uczniowie, nauczyciele i katecheci rozpoczynaj\u0105 kolejny etap swojej drogi edukacyjnej i duchowej. To czas nadziei, plan\u00f3w i pracy, ale tak\u017ce okazja do zawierzenia Bogu wszystkich wysi\u0142k\u00f3w, aby nauka i wychowanie owocowa\u0142y dobrem.<\/p>\n\n\n\n<p>Niech wrzesie\u0144 b\u0119dzie dla nas miesi\u0105cem pami\u0119ci i wdzi\u0119czno\u015bci, a zarazem czasem otwierania si\u0119 na nowe mo\u017cliwo\u015bci \u2013 w szkole, w rodzinie i w \u017cyciu wsp\u00f3lnoty parafialnej.<\/p>\n","protected":false},"excerpt":{"rendered":"<p>Wrzesie\u0144 to miesi\u0105c, kt\u00f3ry niesie ze sob\u0105 szczeg\u00f3lne znaczenie. Z jednej strony jest czasem refleksji nad histori\u0105, z drugiej \u2013 pocz\u0105tkiem nowych zada\u0144 i wyzwa\u0144. 1 wrze\u015bnia obchodzimy rocznic\u0119 wybuchu II wojny \u015bwiatowej. To dzie\u0144, w kt\u00f3rym wspominamy ofiary wojny, poleg\u0142ych \u017co\u0142nierzy oraz cywil\u00f3w, a tak\u017ce wszystkich, kt\u00f3rzy z odwag\u0105 bronili Ojczyzny. Pami\u0119\u0107 o tamtych wydarzeniach jest dla nas zobowi\u0105zaniem &hellip; <\/p>\n","protected":false},"author":1,"featured_media":5004,"comment_status":"closed","ping_status":"closed","sticky":false,"template":"","format":"standard","meta":{"footnotes":""},"categories":[1],"tags":[],"class_list":["post-5066","post","type-post","status-publish","format-standard","has-post-thumbnail","hentry","category-newsy"],"_links":{"self":[{"href":"https:\/\/www.dks.rzeszow.pl\/index.php\/wp-json\/wp\/v2\/posts\/5066","targetHints":{"allow":["GET"]}}],"collection":[{"href":"https:\/\/www.dks.rzeszow.pl\/index.php\/wp-json\/wp\/v2\/posts"}],"about":[{"href":"https:\/\/www.dks.rzeszow.pl\/index.php\/wp-json\/wp\/v2\/types\/post"}],"author":[{"embeddable":true,"href":"https:\/\/www.dks.rzeszow.pl\/index.php\/wp-json\/wp\/v2\/users\/1"}],"replies":[{"embeddable":true,"href":"https:\/\/www.dks.rzeszow.pl\/index.php\/wp-json\/wp\/v2\/comments?post=5066"}],"version-history":[{"count":1,"href":"https:\/\/www.dks.rzeszow.pl\/index.php\/wp-json\/wp\/v2\/posts\/5066\/revisions"}],"predecessor-version":[{"id":5068,"href":"https:\/\/www.dks.rzeszow.pl\/index.php\/wp-json\/wp\/v2\/posts\/5066\/revisions\/5068"}],"wp:featuredmedia":[{"embeddable":true,"href":"https:\/\/www.dks.rzeszow.pl\/index.php\/wp-json\/wp\/v2\/media\/5004"}],"wp:attachment":[{"href":"https:\/\/www.dks.rzeszow.pl\/index.php\/wp-json\/wp\/v2\/media?parent=5066"}],"wp:term":[{"taxonomy":"category","embeddable":true,"href":"https:\/\/www.dks.rzeszow.pl\/index.php\/wp-json\/wp\/v2\/categories?post=5066"},{"taxonomy":"post_tag","embeddable":true,"href":"https:\/\/www.dks.rzeszow.pl\/index.php\/wp-json\/wp\/v2\/tags?post=5066"}],"curies":[{"name":"wp","href":"https:\/\/api.w.org\/{rel}","templated":true}]}}