{"id":4960,"date":"2024-10-16T11:11:02","date_gmt":"2024-10-16T09:11:02","guid":{"rendered":"https:\/\/www.dks.rzeszow.pl\/?p=4960"},"modified":"2024-10-16T11:16:38","modified_gmt":"2024-10-16T09:16:38","slug":"zmarl-sp-ks-pralat-tadeusz-kulig-emerytowany-proboszcz-z-trzesowki","status":"publish","type":"post","link":"https:\/\/www.dks.rzeszow.pl\/index.php\/2024\/10\/16\/zmarl-sp-ks-pralat-tadeusz-kulig-emerytowany-proboszcz-z-trzesowki\/","title":{"rendered":"Zmar\u0142 \u015bp. ks. pra\u0142at Tadeusz Kulig, emerytowany proboszcz z Trz\u0119s\u00f3wki"},"content":{"rendered":"\n<p>We wtorek, 15 pa\u017adziernika 2024 r. zmar\u0142 \u015bp. ksi\u0105dz pra\u0142at Tadeusz Kulig, emerytowany proboszcz parafii pw. \u015bw. Anny w Trz\u0119s\u00f3wce.<br>Eksporta do ko\u015bcio\u0142a w Trz\u0119s\u00f3wce odb\u0119dzie si\u0119 w czwartek, 17 pa\u017adziernika br. o godz. 15.00. Natomiast pogrzeb w pi\u0105tek, 18 pa\u017adziernika br. o godz. 14.00.<\/p>\n\n\n\n<p>Ks. Pra\u0142at Tadeusz Kulig, ur. &nbsp;21.08.1927 &#8211; Jurk\u00f3w, syn Jana i Katarzyny Dudzik. Matura: 1948 &#8211; LO Limanowa, studia: 1948-1953 Tarn\u00f3w &#8211; WSD, \u015bwi\u0119cenia kap\u0142a\u0144skie: 03.05.1953 Tarn\u00f3w, &nbsp;\u015bwi\u0119ce\u0144 udzieli\u0142: bp Karol P\u0119kala.<\/p>\n\n\n\n<p>&nbsp;&nbsp;&nbsp;&nbsp;&nbsp;&nbsp;&nbsp;&nbsp; &nbsp;Pracowa\u0142 w parafiach na stanowisku:<\/p>\n\n\n\n<p>&nbsp;&nbsp;&nbsp;&nbsp;&nbsp;&nbsp;&nbsp;&nbsp; Stary Wi\u015bnicz 17.09.1953 &#8211; 25.02.1958, wikariusz<\/p>\n\n\n\n<p>&nbsp;&nbsp;&nbsp;&nbsp;&nbsp;&nbsp;&nbsp;&nbsp; U\u015bcie Solne 26.02.1958 &#8211; 24.11.1961,wikariusz<\/p>\n\n\n\n<p>&nbsp;&nbsp;&nbsp;&nbsp;&nbsp;&nbsp;&nbsp;&nbsp; Trz\u0119s\u00f3wka&nbsp; 25.11.1961 &#8211; 13.05.1962, wikariusz<\/p>\n\n\n\n<p>&nbsp;&nbsp;&nbsp;&nbsp;&nbsp;&nbsp;&nbsp;&nbsp; Trz\u0119s\u00f3wka&nbsp; 14.05.1962 &#8211; 21.08.2002, proboszcz<\/p>\n\n\n\n<p>&nbsp;&nbsp;&nbsp;&nbsp;&nbsp;&nbsp;&nbsp;&nbsp; Trz\u0119s\u00f3wka, 22.08.2002 \u2013 15.10.2024, emeryt.<\/p>\n\n\n\n<p>Odznaczenia: EC &#8211; 1967, RM &#8211; 1978, Kap. Hon. Ojca \u015bw. 10.01.2000 r.;<\/p>\n\n\n\n<p><em>Dobry Jezu, a nasz Panie, daj mu wieczne spoczywanie!<\/em><\/p>\n","protected":false},"excerpt":{"rendered":"<p>We wtorek, 15 pa\u017adziernika 2024 r. zmar\u0142 \u015bp. ksi\u0105dz pra\u0142at Tadeusz Kulig, emerytowany proboszcz parafii pw. \u015bw. Anny w Trz\u0119s\u00f3wce.Eksporta do ko\u015bcio\u0142a w Trz\u0119s\u00f3wce odb\u0119dzie si\u0119 w czwartek, 17 pa\u017adziernika br. o godz. 15.00. Natomiast pogrzeb w pi\u0105tek, 18 pa\u017adziernika br. o godz. 14.00. Ks. Pra\u0142at Tadeusz Kulig, ur. &nbsp;21.08.1927 &#8211; Jurk\u00f3w, syn Jana i Katarzyny Dudzik. Matura: 1948 &#8211; &hellip; <\/p>\n","protected":false},"author":1,"featured_media":4964,"comment_status":"closed","ping_status":"closed","sticky":false,"template":"","format":"standard","meta":{"footnotes":""},"categories":[1],"tags":[],"class_list":["post-4960","post","type-post","status-publish","format-standard","has-post-thumbnail","hentry","category-newsy"],"_links":{"self":[{"href":"https:\/\/www.dks.rzeszow.pl\/index.php\/wp-json\/wp\/v2\/posts\/4960","targetHints":{"allow":["GET"]}}],"collection":[{"href":"https:\/\/www.dks.rzeszow.pl\/index.php\/wp-json\/wp\/v2\/posts"}],"about":[{"href":"https:\/\/www.dks.rzeszow.pl\/index.php\/wp-json\/wp\/v2\/types\/post"}],"author":[{"embeddable":true,"href":"https:\/\/www.dks.rzeszow.pl\/index.php\/wp-json\/wp\/v2\/users\/1"}],"replies":[{"embeddable":true,"href":"https:\/\/www.dks.rzeszow.pl\/index.php\/wp-json\/wp\/v2\/comments?post=4960"}],"version-history":[{"count":1,"href":"https:\/\/www.dks.rzeszow.pl\/index.php\/wp-json\/wp\/v2\/posts\/4960\/revisions"}],"predecessor-version":[{"id":4963,"href":"https:\/\/www.dks.rzeszow.pl\/index.php\/wp-json\/wp\/v2\/posts\/4960\/revisions\/4963"}],"wp:featuredmedia":[{"embeddable":true,"href":"https:\/\/www.dks.rzeszow.pl\/index.php\/wp-json\/wp\/v2\/media\/4964"}],"wp:attachment":[{"href":"https:\/\/www.dks.rzeszow.pl\/index.php\/wp-json\/wp\/v2\/media?parent=4960"}],"wp:term":[{"taxonomy":"category","embeddable":true,"href":"https:\/\/www.dks.rzeszow.pl\/index.php\/wp-json\/wp\/v2\/categories?post=4960"},{"taxonomy":"post_tag","embeddable":true,"href":"https:\/\/www.dks.rzeszow.pl\/index.php\/wp-json\/wp\/v2\/tags?post=4960"}],"curies":[{"name":"wp","href":"https:\/\/api.w.org\/{rel}","templated":true}]}}