{"id":441,"date":"2019-03-08T13:34:13","date_gmt":"2019-03-08T12:34:13","guid":{"rendered":"http:\/\/parafie.wsd.rzeszow.pl\/dks\/?p=441"},"modified":"2024-09-18T11:50:40","modified_gmt":"2024-09-18T09:50:40","slug":"list-pasterski-biskupa-rzeszowskiego-na-wielki-post-2019-r","status":"publish","type":"post","link":"https:\/\/www.dks.rzeszow.pl\/index.php\/2019\/03\/08\/list-pasterski-biskupa-rzeszowskiego-na-wielki-post-2019-r\/","title":{"rendered":"List Pasterski Biskupa Rzeszowskiego na Wielki Post 2019 r."},"content":{"rendered":"\n<p>LIST PASTERSKI BISKUPA RZESZOWSKIEGO\nNA WIELKI POST 2019 r.<\/p>\n\n\n\n<p>Umi\u0142owani Bracia i Siostry!<\/p>\n\n\n\n<p>1. Pan Jezus \u201epowr\u00f3ci\u0142 znad Jordanu, a wiedziony by\u0142 przez\nDucha na pustyni przez czterdzie\u015bci dni, i by\u0142 kuszony przez diab\u0142a\u201d (\u0141k 4,1-2).\nTak zaczyna si\u0119 fragment Ewangelii z Pierwszej Niedzieli Wielkiego Postu.\nKolejny raz Ko\u015bci\u00f3\u0142 prowadzi nas na pustyni\u0119. Idziemy tam za Chrystusem, aby za\nJego przyk\u0142adem prze\u017cywa\u0107 czterdziestodniowy czas przebywania w Duchu \u015awi\u0119tym.\nChcemy si\u0119 poddawa\u0107 dzia\u0142aniu Ducha \u015awi\u0119tego, kt\u00f3ry nas oczyszcza z grzech\u00f3w,\nu\u015bwi\u0119ca i przygotowuje na wielki dzie\u0144 Odkupienia, w kt\u00f3rym i my\nzmartwychwstaniemy do \u017cycia wiecznego.<\/p>\n\n\n\n<p>Otrzymali\u015bmy\nczas wielkiego mi\u0142osierdzia Bo\u017cego, w kt\u00f3rym przez wsp\u00f3\u0142prac\u0119 z \u0142ask\u0105 Bo\u017c\u0105\nmo\u017cemy dorasta\u0107 do zbawienia. Pozw\u00f3lmy si\u0119 poprowadzi\u0107 drogami nawr\u00f3cenia, a\nprzewodnikiem naszym niech b\u0119dzie Bo\u017ce s\u0142owo, czytane i rozwa\u017cane w kolejne\nniedziele Wielkiego Postu. Stanowi ono swego rodzaju katechez\u0119 na temat\npojednania.<\/p>\n\n\n\n<p>Pierwszym\nkrokiem do pojednania jest wiara w \u017cyw\u0105 obecno\u015b\u0107 Boga po\u015br\u00f3d swego ludu i pe\u0142na\nakceptacja Jezusa Chrystusa, kt\u00f3ry daje nam przyk\u0142ad walki ze z\u0142em i wierno\u015bci\nBo\u017cemu prawu. Chocia\u017c by\u0142 pe\u0142en Ducha \u015awi\u0119tego, to jednak do\u015bwiadczy\u0142 kuszenia.\nTaka te\u017c jest rzeczywisto\u015b\u0107 duchowa Jego uczni\u00f3w: mimo, i\u017c prosimy Ducha\n\u015awi\u0119tego o pomoc, nie jeste\u015bmy zwolnieni z pr\u00f3b, jakimi s\u0105 kuszenia. Jednak to\nOn daje nam zdolno\u015b\u0107 rozeznawania, czyli zobaczenia tego, co jest prawdziwym\ndobrem, a co z\u0142em.<\/p>\n\n\n\n<p>W drug\u0105\nNiedziel\u0119 Wielkiego Postu b\u0119dziemy towarzyszy\u0107 Panu Jezusowi i trzem Jego\nuczniom w drodze na G\u00f3r\u0119 Tabor. Scena przemienienia jest umocnieniem naszej\nnadziei, a zarazem wezwaniem do nieustannej przemiany naszego \u017cycia. A ona\ndokonuje si\u0119 w takiej mierze, w jakiej wierzymy Ojcu Niebieskiemu i pod\u0105\u017camy\nJego drogami. Pojednanie z Bogiem i z bra\u0107mi staje si\u0119 stopniowym\nprzemienieniem.<\/p>\n\n\n\n<p>&nbsp;&nbsp;W\nkolejn\u0105 niedziel\u0119 us\u0142yszymy s\u0142owa przestrogi: \u201eJe\u015bli si\u0119 nie nawr\u00f3cicie,\nwszyscy podobnie zginiecie\u201d (\u0141k 13,3). Nieustanne nawracanie si\u0119 to przede\nwszystkim pog\u0142\u0119bianie osobistej relacji z Bogiem. Chrze\u015bcija\u0144stwo bowiem nie\njest jakim\u015b zewn\u0119trznym rytem. Nie jest te\u017c tylko biern\u0105 akceptacj\u0105 zbawienia.\nZ jednej strony jest przyj\u0119ciem inicjatywy, z kt\u00f3r\u0105 B\u00f3g wchodzi w nasz\u0105\ncodzienno\u015b\u0107. Ale r\u00f3wnocze\u015bnie wymaga naszej \u015bwiadomej wsp\u00f3\u0142pracy z Jego \u0142ask\u0105.<\/p>\n\n\n\n<p>Nawr\u00f3cenie\ni powr\u00f3t w ramiona Ojca ukazuje w spos\u00f3b wymowny przypowie\u015b\u0107 o ojcu syna\nmarnotrawnego. Us\u0142yszymy j\u0105 w Pi\u0105t\u0105 Niedziel\u0119 Wielkiego Postu, a wraz z ni\u0105\nwzruszaj\u0105c\u0105 prawd\u0119 o Bogu bogatym w mi\u0142osierdzie, kt\u00f3ry cierpliwie czeka na\npowr\u00f3t syn\u00f3w marnotrawnych. Wracaj\u0105cych z rado\u015bci\u0105 wita i w ramiona bierze,\nzapraszaj\u0105c na uczt\u0119. Nawr\u00f3cenie dokonuje si\u0119 najpe\u0142niej poprzez udzia\u0142 w\nuczcie eucharystycznej, czyli Mszy \u015bwi\u0119tej, w czasie kt\u00f3rej Jezus moc\u0105 swojej\nkrwi jedna nas z Ojcem.<\/p>\n\n\n\n<p>Istot\u0105 nawr\u00f3cenia\njest jednak radykalne odwr\u00f3cenie si\u0119 od z\u0142a, a zwr\u00f3cenie ku dobru. Zerwanie z\ngrzechem i do\u015bwiadczenie przebaczaj\u0105cej mi\u0142o\u015bci to pocz\u0105tek nowej drogi, czyli\newangeliczne \u201enowe stworzenie\u201d. W Pi\u0105t\u0105 Niedziel\u0119 Wielkiego Postu us\u0142yszymy\ns\u0142owa Pana Jezusa skierowane najpierw do kobiety cudzo\u0142o\u017cnej: \u201eId\u017a i odt\u0105d ju\u017c\nnie grzesz\u201d (J 8,11). Jezus lituje si\u0119 nad s\u0142abym cz\u0142owiekiem, nie pot\u0119pia go\nale zarazem nie bagatelizuje samego grzechu. W sakramencie pojednania i pokuty,\nprzez pos\u0142ug\u0119 kap\u0142ana, kieruje i do nas te same s\u0142owa, wzywaj\u0105c do walki z\ngrzechem i do piel\u0119gnowania w sobie odzyskanej nowej jako\u015bci \u017cycia.<\/p>\n\n\n\n<p>Na\nzako\u0144czenie wielkopostnej katechezy, w Niedziel\u0119 Palmow\u0105, us\u0142yszymy opis M\u0119ki\nPa\u0144skiej, kt\u00f3ry przypomni nam, w jaki spos\u00f3b Syn Bo\u017cy pojedna\u0142 nas z Ojcem i\nka\u017cdemu z nas ofiarowa\u0142 mo\u017cliwo\u015b\u0107 zbawienia. Jego M\u0119ka i \u015amier\u0107, przyj\u0119ta z\nmi\u0142o\u015bci do nas, jest te\u017c najwa\u017cniejsz\u0105 motywacj\u0105 dla naszych wybor\u00f3w i wej\u015bcia\nna drog\u0119 nawr\u00f3cenia. Mi\u0142o\u015b\u0107 bowiem czeka na odpowied\u017a.<\/p>\n\n\n\n<p>2. &nbsp;T\u0119 katechez\u0119 s\u0142yszymy ka\u017cdego roku, a wraz z\nni\u0105 wezwanie i zach\u0119t\u0119 do podj\u0119cia czyn\u00f3w pokutnych, jakimi s\u0105 post, modlitwa i\nja\u0142mu\u017cna. A przecie\u017c ci\u0105gle mamy trudno\u015bci z jej pe\u0142nym zrozumieniem, a\nzw\u0142aszcza z wprowadzeniem w \u017cycie. Dlatego potrzebujemy \u015bwiat\u0142a i si\u0142y, aby\nzrozumie\u0107, przyj\u0105\u0107 i przeku\u0107 w czyn Bo\u017ce s\u0142owo. Ju\u017c w sakramencie Chrztu\n\u015bwi\u0119tego otrzymali\u015bmy pierwsze dary Ducha: wiar\u0119, nadziej\u0119 i mi\u0142o\u015b\u0107. W\nsakramencie Bierzmowania Duch \u015awi\u0119ty umocni\u0142 nas siedmiorakimi darami, aby\u015bmy\nsi\u0119 stali \u015bwiadkami Ewangelii Jezusa Chrystusa. To On pomaga nam zrozumie\u0107\ns\u0142owo Bo\u017ce, spisane pod Jego natchnieniem na kartach Biblii. A zatem nie\njeste\u015bmy bezsilni w walce z pokusami. Duch \u015awi\u0119ty daje nam moc do podejmowania\nwysi\u0142ku osobistej przemiany, nawr\u00f3cenia i odbudowania os\u0142abionych lub zerwanych\nrelacji z mi\u0142osiernym Ojcem i powrotu do Niego. To On uzdalnia cz\u0142owieka do\nradykalnego zerwania z grzechem i konsekwentnego trwania w dobrych\npostanowieniach. <\/p>\n\n\n\n<p>Prze\u017cywaj\u0105c\nobecny rok duszpasterski pod has\u0142em \u201eW mocy Bo\u017cego Ducha\u201d us\u0142yszmy zaproszenie\ndo wi\u0119kszego ni\u017c dot\u0105d zaanga\u017cowania na rzecz apostolskiej i misyjnej\ndzia\u0142alno\u015bci Ko\u015bcio\u0142a. Otrzymane dary nie s\u0105 bowiem dane wy\u0142\u0105cznie dla naszego\ndobra, nawet je\u015bli jest nim nasze u\u015bwi\u0119cenie i zbawienie. Dane s\u0105 dla\npomna\u017cania dobra wsp\u00f3lnego, dla budowania \u201eCia\u0142a Mistycznego, kt\u00f3rym jest\nKo\u015bci\u00f3\u0142\u201d. Zauwa\u017cmy w naszych parafiach obecno\u015b\u0107 ma\u0142ych wsp\u00f3lnot, przynale\u017c\u0105cych\ndo r\u00f3\u017cnych ruch\u00f3w, stowarzysze\u0144, bractw ko\u015bcielnych i zespo\u0142\u00f3w duszpasterskich.\nS\u0105 po\u015br\u00f3d nich wsp\u00f3lnoty charytatywne, modlitewne, ewangelizacyjne, rodzinne,\nspo\u0142eczne, wychowawcze. Zatem ka\u017cdy mo\u017ce odnale\u017a\u0107 w nich miejsce dla siebie,\nstosownie do w\u0142asnej wra\u017cliwo\u015bci, duchowych potrzeb i otrzymanych charyzmat\u00f3w. <\/p>\n\n\n\n<p>\u015awiat, w\nkt\u00f3rym \u017cyjemy, potrzebuje aktywnych, czytelnych i odwa\u017cnych \u015bwiadk\u00f3w, na wz\u00f3r\npierwszych uczni\u00f3w, o kt\u00f3rych czytamy w Dziejach Apostolskich. Kolejne karty\ntej Ksi\u0119gi pokazuj\u0105 do czego zdolny jest cz\u0142owiek, kt\u00f3ry pozwoli si\u0119 prowadzi\u0107\nDuchowi \u015awi\u0119temu i dzia\u0142a w Jego mocy. Do takiego dzia\u0142ania zach\u0119ca\u0142 ludzi\nm\u0142odych papie\u017c Franciszek na spotkaniu w Panamie. M\u00f3wi\u0142: \u201eUcze\u0144 to ten, kto nie\nboi si\u0119 podj\u0105\u0107 ryzyka i wyruszy\u0107 w drog\u0119. Je\u015bli kto\u015b wyrusza w drog\u0119, ju\u017c jest\nuczniem. Je\u015bli stoisz w miejscu, przegra\u0142e\u015b. Trzeba zacz\u0105\u0107 i\u015b\u0107, to jest\nnajwi\u0119ksz\u0105 rado\u015bci\u0105 ucznia\u201d. <\/p>\n\n\n\n<p>A droga\njest znana, sprawdzona przez tak wielu wiernych \u015bwieckich, uformowanych w\ndiecezjalnych i parafialnych wsp\u00f3lnotach odnowy \u017cycia religijnego a dzi\u015b\nzaanga\u017cowanych w apostolstwo na r\u00f3\u017cnych poziomach \u017cycia w przestrzeni\npublicznej. Z ca\u0142ego serca zach\u0119cam Was, Bracia i Siostry, do odwa\u017cnego\nzaanga\u017cowania si\u0119 w \u017cycie swojej parafii, aby wraz z innymi &#8211; w \u015bcis\u0142ej\nwsp\u00f3\u0142pracy z duszpasterzami &#8211; podejmowa\u0107 wyzwania i apostolskie zadania. Nade\nwszystko pami\u0119tajmy o codziennym \u015bwiadectwie \u017cycia wiar\u0105. Umocnieni moc\u0105 Ducha\n\u015awi\u0119tego miejmy \u015bwiadomo\u015b\u0107, \u017ce wszyscy jeste\u015bmy potrzebni Chrystusowi,\nKo\u015bcio\u0142owi, Ojczy\u017anie i naszym bliskim jako \u015bwiadkowie wiary, nadziei i mi\u0142o\u015bci.<\/p>\n\n\n\n<p>3. W czasie\n\u015awiatowych Dni M\u0142odzie\u017cy Ojciec \u015bw. mobilizowa\u0142 wsp\u00f3lnot\u0119 Ko\u015bcio\u0142a do odwa\u017cnego\nwyruszania w drog\u0119. Ale wskazywa\u0142 te\u017c miejsce, w kt\u00f3rym trzeba sta\u0107 i wiernie\ntrwa\u0107. To miejsce pod Krzy\u017cem Chrystusa. A tam jest zawsze Jego i nasza Matka. Maryja\nze swoj\u0105 stanowczo\u015bci\u0105 i odwag\u0105 potrafi\u0142a towarzyszy\u0107 cierpieniu swego Syna,\nwspiera\u0107 Go spojrzeniem i chroni\u0107 swym sercem. Od Niej chcemy nauczy\u0107 si\u0119 trwa\u0107\nstoj\u0105c pod Krzy\u017cem. \u201eOd Niej uczmy si\u0119 tam sta\u0107 nie z sercem opancerzonym i\nzamkni\u0119tym, ale z sercem, kt\u00f3re umia\u0142oby towarzyszy\u0107, znaj\u0105cym, co to czu\u0142o\u015b\u0107 i\npo\u015bwi\u0119cenie, kt\u00f3re rozumia\u0142oby, co znaczy mi\u0142osierdzie\u201d- wo\u0142a\u0142 papie\u017c. <\/p>\n\n\n\n<p>Umi\u0142owani\nBracia i Siostry! Starajmy si\u0119 w tym wielkopostnym czasie uczestniczy\u0107, na\nmiar\u0119 naszych mo\u017cliwo\u015bci, w nabo\u017ce\u0144stwie Gorzkich \u017bali, Drogi Krzy\u017cowej a\nzw\u0142aszcza w rekolekcjach parafialnych. Duszpasterzom, katechetom, osobom\nkonsekrowanym i wsp\u00f3lnotom apostolskim \u017cycz\u0119 mocy Bo\u017cego Ducha, tak potrzebnej\nw pos\u0142udze nauczania i u\u015bwi\u0119cania, a tak\u017ce odnowionej gorliwo\u015bci i potrzebnych\n\u0142ask w ca\u0142ym wielkopostnym trudzie. G\u0142osz\u0105c innym Chrystusa ukrzy\u017cowanego i\nzmartwychwsta\u0142ego sami post\u0119pujcie na drodze doskona\u0142o\u015bci. Chorych, cierpi\u0105cych\ni d\u017awigaj\u0105cych krzy\u017c samotno\u015bci zapewniam o mojej modlitewnej pami\u0119ci przed\nPanem a zarazem prosz\u0119, by swoje trudne do\u015bwiadczenia ofiarowali cierpi\u0105cemu\nZbawicielowi za nasz\u0105 rzeszowsk\u0105 diecezj\u0119, szczeg\u00f3lnie za grzesznik\u00f3w. <\/p>\n\n\n\n<p>W Imi\u0119\nChrystusa, kt\u00f3ry za nas cierpia\u0142 rany \u2013 z serca wszystkim b\u0142ogos\u0142awi\u0119.<\/p>\n\n\n\n<p>&nbsp;&nbsp;&nbsp;&nbsp;&nbsp;&nbsp;&nbsp;&nbsp;&nbsp;&nbsp;&nbsp;&nbsp;&nbsp;&nbsp;&nbsp;&nbsp;&nbsp;&nbsp;&nbsp;&nbsp;&nbsp;&nbsp;&nbsp;&nbsp;&nbsp;&nbsp;&nbsp;&nbsp;&nbsp;&nbsp;&nbsp;&nbsp;&nbsp;&nbsp;&nbsp;&nbsp;&nbsp;&nbsp;&nbsp;&nbsp;&nbsp;&nbsp;&nbsp;&nbsp;&nbsp;&nbsp;&nbsp;&nbsp;&nbsp;&nbsp;&nbsp;&nbsp;&nbsp;&nbsp;&nbsp;&nbsp;&nbsp;&nbsp;&nbsp;&nbsp;&nbsp;&nbsp;&nbsp;&nbsp;&nbsp;&nbsp;&nbsp;&nbsp;&nbsp;&nbsp;&nbsp;&nbsp;&nbsp;&nbsp;&nbsp;&nbsp;&nbsp;&nbsp;&nbsp;&nbsp;&nbsp;&nbsp; +Jan\nW\u0105troba<\/p>\n\n\n\n<p>&nbsp;&nbsp;&nbsp;&nbsp;&nbsp;&nbsp;&nbsp;&nbsp;&nbsp;&nbsp;&nbsp;&nbsp;&nbsp;&nbsp;&nbsp;&nbsp;&nbsp;&nbsp;&nbsp;&nbsp;&nbsp;&nbsp;&nbsp;&nbsp;&nbsp;&nbsp;&nbsp;&nbsp;&nbsp;&nbsp;&nbsp;&nbsp;&nbsp;&nbsp;&nbsp;&nbsp;&nbsp;&nbsp;&nbsp;&nbsp;&nbsp;&nbsp;&nbsp;&nbsp;&nbsp;&nbsp;&nbsp;&nbsp;&nbsp;&nbsp;&nbsp;&nbsp;&nbsp;&nbsp;&nbsp;&nbsp;&nbsp;&nbsp;&nbsp;&nbsp;&nbsp;&nbsp;&nbsp;&nbsp;&nbsp;&nbsp;&nbsp;&nbsp;&nbsp;&nbsp; &nbsp;&nbsp;&nbsp;&nbsp;&nbsp;&nbsp;&nbsp;&nbsp; Biskup Rzeszowski <\/p>\n\r\n","protected":false},"excerpt":{"rendered":"<p>LIST PASTERSKI BISKUPA RZESZOWSKIEGO NA WIELKI POST 2019 r. Umi\u0142owani Bracia i Siostry! 1. Pan Jezus \u201epowr\u00f3ci\u0142 znad Jordanu, a wiedziony by\u0142 przez Ducha na pustyni przez czterdzie\u015bci dni, i by\u0142 kuszony przez diab\u0142a\u201d (\u0141k 4,1-2). Tak zaczyna si\u0119 fragment Ewangelii z Pierwszej Niedzieli Wielkiego Postu. Kolejny raz Ko\u015bci\u00f3\u0142 prowadzi nas na pustyni\u0119. Idziemy tam za Chrystusem, aby za Jego &hellip; <\/p>\n","protected":false},"author":1,"featured_media":442,"comment_status":"closed","ping_status":"closed","sticky":false,"template":"","format":"standard","meta":{"footnotes":""},"categories":[1],"tags":[],"class_list":["post-441","post","type-post","status-publish","format-standard","has-post-thumbnail","hentry","category-newsy"],"_links":{"self":[{"href":"https:\/\/www.dks.rzeszow.pl\/index.php\/wp-json\/wp\/v2\/posts\/441","targetHints":{"allow":["GET"]}}],"collection":[{"href":"https:\/\/www.dks.rzeszow.pl\/index.php\/wp-json\/wp\/v2\/posts"}],"about":[{"href":"https:\/\/www.dks.rzeszow.pl\/index.php\/wp-json\/wp\/v2\/types\/post"}],"author":[{"embeddable":true,"href":"https:\/\/www.dks.rzeszow.pl\/index.php\/wp-json\/wp\/v2\/users\/1"}],"replies":[{"embeddable":true,"href":"https:\/\/www.dks.rzeszow.pl\/index.php\/wp-json\/wp\/v2\/comments?post=441"}],"version-history":[{"count":2,"href":"https:\/\/www.dks.rzeszow.pl\/index.php\/wp-json\/wp\/v2\/posts\/441\/revisions"}],"predecessor-version":[{"id":4174,"href":"https:\/\/www.dks.rzeszow.pl\/index.php\/wp-json\/wp\/v2\/posts\/441\/revisions\/4174"}],"wp:featuredmedia":[{"embeddable":true,"href":"https:\/\/www.dks.rzeszow.pl\/index.php\/wp-json\/wp\/v2\/media\/442"}],"wp:attachment":[{"href":"https:\/\/www.dks.rzeszow.pl\/index.php\/wp-json\/wp\/v2\/media?parent=441"}],"wp:term":[{"taxonomy":"category","embeddable":true,"href":"https:\/\/www.dks.rzeszow.pl\/index.php\/wp-json\/wp\/v2\/categories?post=441"},{"taxonomy":"post_tag","embeddable":true,"href":"https:\/\/www.dks.rzeszow.pl\/index.php\/wp-json\/wp\/v2\/tags?post=441"}],"curies":[{"name":"wp","href":"https:\/\/api.w.org\/{rel}","templated":true}]}}