{"id":41,"date":"2019-02-01T14:27:23","date_gmt":"2019-02-01T13:27:23","guid":{"rendered":"http:\/\/parafie.wsd.rzeszow.pl\/dks\/?p=41"},"modified":"2024-09-18T11:50:29","modified_gmt":"2024-09-18T09:50:29","slug":"wpis-trzeci","status":"publish","type":"post","link":"https:\/\/www.dks.rzeszow.pl\/index.php\/2019\/02\/01\/wpis-trzeci\/","title":{"rendered":"Nabo\u017ce\u0144stwa w DKS"},"content":{"rendered":"\n<p>W ci\u0105gu roku jest wiele nabo\u017ce\u0144stw w DKS.  Oto niekt\u00f3re z nich:<\/p>\n\n\n\n<p><strong>Nabo<\/strong><strong>\u017c<\/strong><strong>e<\/strong><strong>\u0144<\/strong><strong>stwo Pierwszego Czwartku:<\/strong><\/p>\n\n\n\n<ul class=\"wp-block-list\"><li>Wystawienie Naj\u015bwi\u0119tszego Sakramentu <em>(po Mszy \u015awi\u0119tej)<\/em><\/li><li>Modlitwa za kap\u0142an\u00f3w<em><\/em><\/li><li>Modlitwa Paw\u0142a VI o powo\u0142ania <em>\/Agenda, str. 35<\/em><em><\/em><\/li><li>Litania do Najdro\u017cszej Krwi Chrystusa Pana<em><\/em><\/li><li>Adoracja indywidualna w ciszy<\/li><\/ul>\n\n\n\n<p>12.00 &#8211; Modlitwa za\nzmar\u0142ych kap\u0142an\u00f3w i siostry<\/p>\n\n\n\n<ul class=\"wp-block-list\"><li>Anio\u0142 Pa\u0144ski<em><\/em><\/li><li>Koronka do Bo\u017cego Mi\u0142osierdzia<em><\/em><\/li><li>Zako\u0144czenie\nadoracji- b\u0142ogos\u0142awie\u0144stwo.<\/li><\/ul>\n\n\n\n<p><strong>Nabo<\/strong><strong>\u017c<\/strong><strong>e<\/strong><strong>\u0144<\/strong><strong>stwo\nPierwszego Pi<\/strong><strong>\u0105<\/strong><strong>tku:<\/strong><\/p>\n\n\n\n<ul class=\"wp-block-list\"><li>Wystawienie Naj\u015bwi\u0119tszego Sakramentu <em>(po Mszy \u015awi\u0119tej)<\/em><\/li><li>Akt zawierzenia \u015bwiata Bo\u017cemu Mi\u0142osierdziu<em><\/em><\/li><li>Koronka do Bo\u017cego Mi\u0142osierdzia<\/li><li>Litania do Naj\u015bwi\u0119tszego Serca Pana Jezusa<em><\/em><\/li><li>Akt po\u015bwi\u0119cenia si\u0119 Naj\u015bwi\u0119tszemu Sercu\nPana Jezusa<\/li><li>B\u0142ogos\u0142awie\u0144stwo<\/li><\/ul>\n\n\n\n<p><strong>Nabo<\/strong><strong>\u017c<\/strong><strong>e<\/strong><strong>\u0144<\/strong><strong>stwo\nPierwszej Soboty:<\/strong><\/p>\n\n\n\n<ul class=\"wp-block-list\"><li>Wystawienie Naj\u015bwi\u0119tszego Sakramentu <em>(po Mszy \u015awi\u0119tej)<\/em><\/li><li>Wprowadzenie<\/li><li>Litania Loreta\u0144ska<\/li><li>Akt po\u015bwi\u0119cenia si\u0119 Niepokalanemu\nSercu Maryi Panny<\/li><li>B\u0142ogos\u0142awie\u0144stwo<\/li><\/ul>\n\n\n\n<p>\/ R\u00f3\u017caniec i rozwa\u017canie &#8211; prywatnie\/<\/p>\n\n\n\n<p><strong>Nabo<\/strong><strong>\u017c<\/strong><strong>e<\/strong><strong>\u0144<\/strong><strong>stwo\nPierwszej Niedzieli:<\/strong><\/p>\n\n\n\n<ul class=\"wp-block-list\"><li>Wystawienie Naj\u015bwi\u0119tszego Sakramentu <em>{po Mszy \u015awi\u0119tej)<\/em><\/li><li>Adoracja wed\u0142ug materia\u0142\u00f3w\nopracowanych dla diecezji<em><\/em><\/li><li>B\u0142ogos\u0142awie\u0144stwo<\/li><\/ul>\n\n\n\n<p><strong>Nabo<\/strong><strong>\u017c<\/strong><strong>e<\/strong><strong>\u0144<\/strong><strong>stwo ka<\/strong><strong>\u017c<\/strong><strong>dej <\/strong><strong>\u015b<\/strong><strong>rody:<\/strong><\/p>\n\n\n\n<ul class=\"wp-block-list\"><li>Wystawienie Naj\u015bwi\u0119tszego\nSakramentu <em>(po Mszy \u015awi\u0119tej)<\/em><\/li><li>Nieustanna Nowenna do Matki Bo\u017cej Cz\u0119stochowskiej Kr\u00f3lowej Polski<em><\/em><\/li><li>Pod Twoj\u0105 obron\u0119<em><\/em><\/li><li>B\u0142ogos\u0142awie\u0144stwo<\/li><\/ul>\n\n\n\n<p><strong>Nabo<\/strong><strong>\u017c<\/strong><strong>e<\/strong><strong>\u0144<\/strong><strong>stwo ka<\/strong><strong>\u017c<\/strong><strong>dego pi<\/strong><strong>\u0105<\/strong><strong>tku:<\/strong><\/p>\n\n\n\n<ul class=\"wp-block-list\"><li>Wystawienie Naj\u015bwi\u0119tszego\nSakramentu <em>(po Mszy \u015awi\u0119tej)<\/em><em><\/em><\/li><li>Akt zawierzenia \u015bwiata Bo\u017cemu Mi\u0142osierdziu<\/li><li>Koronka do Bo\u017cego Mi\u0142osierdzia<\/li><li>B\u0142ogos\u0142awie\u0144stwo<\/li><\/ul>\n\n\n\n<p><strong>Nabo<\/strong><strong>\u017c<\/strong><strong>e<\/strong><strong>\u0144<\/strong><strong>stwa w ci<\/strong><strong>\u0105<\/strong><strong>gu roku\nliturgicznego:<\/strong><\/p>\n\n\n\n<ul class=\"wp-block-list\"><li>Triduum ku czci \u015bw. Zygmunta Szcz\u0119snego Feli\u0144skiego, patrona kaplicy <em>\/Agenda, str. 497\/<\/em><\/li><li>Nowenna ku czci Niepokalanej <em>\/Agenda, str.465\/<\/em><\/li><li>Nowenna przed Uroczysto\u015bci\u0105 Bo\u017cego Narodzenia <em>\/Agenda, str.55\/<\/em><\/li><li>Triduum przed uroczysto\u015bci\u0105 \u015bw. J\u00f3zefa <em>\/Agenda, str.95\/<\/em><\/li><li>Gorzkie \u017bale <em>\/Agenda, str.83\/<\/em><em><\/em><\/li><li>Droga Krzy\u017cowa<\/li><li>Nowenna przed Niedziel\u0105 Bo\u017cego Mi\u0142osierdzia <em>\/Agenda, str. 105\/<\/em><\/li><li>Nowenna przed Uroczysto\u015bci\u0105 Zes\u0142ania Ducha \u015awi\u0119tego i \u015bwi\u0119ceniami kap\u0142a\u0144skimi&nbsp; <em>\/Agenda, str.121\/<\/em><em><\/em><\/li><li>Nieustanna Nowenna do Matki Bo\u017cej Cz\u0119stochowskiej Kr\u00f3lowej Polski <em>\/Agenda,\nstr.434\/<\/em><em><\/em><\/li><li>Nabo\u017ce\u0144stwo majowe &#8211; Litania Loreta\u0144ska <em>\/Agenda, str.181\/<\/em><\/li><li>Nabo\u017ce\u0144stwo czerwcowe &#8211; Litania do Naj\u015bwi\u0119tszego Serca Pana Jezusa <em>\/Agenda, str.\n172\/<\/em><\/li><li>Nabo\u017ce\u0144stwo pa\u017adziernikowe &#8211; R\u00f3\u017caniec<\/li><li>Nabo\u017ce\u0144stwo listopadowe &#8211; R\u00f3\u017caniec i Litania za zmar\u0142ych <em>\/Agenda, str.163\/<\/em><\/li><\/ul>\n\n\n\n<p><strong>Modlitwa\npo Mszy \u015awi\u0119tej<\/strong><strong>:<\/strong><\/p>\n\n\n\n<ul class=\"wp-block-list\"><li>Modlitwa za Ojczyzn\u0119 <em>(ks. Piotra\nSkargi)<\/em><\/li><li>Modlitwa do \u015bw. Micha\u0142a Archanio\u0142a<em><\/em><\/li><\/ul>\n\r\n","protected":false},"excerpt":{"rendered":"<p>W ci\u0105gu roku jest wiele nabo\u017ce\u0144stw w DKS. Oto niekt\u00f3re z nich: Nabo\u017ce\u0144stwo Pierwszego Czwartku: Wystawienie Naj\u015bwi\u0119tszego Sakramentu (po Mszy \u015awi\u0119tej) Modlitwa za kap\u0142an\u00f3w Modlitwa Paw\u0142a VI o powo\u0142ania \/Agenda, str. 35 Litania do Najdro\u017cszej Krwi Chrystusa Pana Adoracja indywidualna w ciszy 12.00 &#8211; Modlitwa za zmar\u0142ych kap\u0142an\u00f3w i siostry Anio\u0142 Pa\u0144ski Koronka do Bo\u017cego Mi\u0142osierdzia Zako\u0144czenie adoracji- b\u0142ogos\u0142awie\u0144stwo. Nabo\u017ce\u0144stwo &hellip; <\/p>\n","protected":false},"author":1,"featured_media":218,"comment_status":"open","ping_status":"open","sticky":false,"template":"","format":"standard","meta":{"footnotes":""},"categories":[16],"tags":[],"class_list":["post-41","post","type-post","status-publish","format-standard","has-post-thumbnail","hentry","category-liturgia"],"_links":{"self":[{"href":"https:\/\/www.dks.rzeszow.pl\/index.php\/wp-json\/wp\/v2\/posts\/41","targetHints":{"allow":["GET"]}}],"collection":[{"href":"https:\/\/www.dks.rzeszow.pl\/index.php\/wp-json\/wp\/v2\/posts"}],"about":[{"href":"https:\/\/www.dks.rzeszow.pl\/index.php\/wp-json\/wp\/v2\/types\/post"}],"author":[{"embeddable":true,"href":"https:\/\/www.dks.rzeszow.pl\/index.php\/wp-json\/wp\/v2\/users\/1"}],"replies":[{"embeddable":true,"href":"https:\/\/www.dks.rzeszow.pl\/index.php\/wp-json\/wp\/v2\/comments?post=41"}],"version-history":[{"count":7,"href":"https:\/\/www.dks.rzeszow.pl\/index.php\/wp-json\/wp\/v2\/posts\/41\/revisions"}],"predecessor-version":[{"id":4114,"href":"https:\/\/www.dks.rzeszow.pl\/index.php\/wp-json\/wp\/v2\/posts\/41\/revisions\/4114"}],"wp:featuredmedia":[{"embeddable":true,"href":"https:\/\/www.dks.rzeszow.pl\/index.php\/wp-json\/wp\/v2\/media\/218"}],"wp:attachment":[{"href":"https:\/\/www.dks.rzeszow.pl\/index.php\/wp-json\/wp\/v2\/media?parent=41"}],"wp:term":[{"taxonomy":"category","embeddable":true,"href":"https:\/\/www.dks.rzeszow.pl\/index.php\/wp-json\/wp\/v2\/categories?post=41"},{"taxonomy":"post_tag","embeddable":true,"href":"https:\/\/www.dks.rzeszow.pl\/index.php\/wp-json\/wp\/v2\/tags?post=41"}],"curies":[{"name":"wp","href":"https:\/\/api.w.org\/{rel}","templated":true}]}}