{"id":345,"date":"2019-02-04T15:50:46","date_gmt":"2019-02-04T14:50:46","guid":{"rendered":"http:\/\/parafie.wsd.rzeszow.pl\/dks\/?p=345"},"modified":"2024-09-18T11:50:36","modified_gmt":"2024-09-18T09:50:36","slug":"msze-swiete-w-dks","status":"publish","type":"post","link":"https:\/\/www.dks.rzeszow.pl\/index.php\/2019\/02\/04\/msze-swiete-w-dks\/","title":{"rendered":"Msze \u015awi\u0119te w DKS"},"content":{"rendered":"\n<p>Ksi\u0119\u017ca mieszkaj\u0105cy w DKS codziennie celebruj\u0105 Msz\u0119 \u015awi\u0119ta o godz 7.00, z udzia\u0142em si\u00f3str (czasem tak\u017ce pracownik\u00f3w \u015bwieckich).  <\/p>\n\n\n\n<p>W niedziel\u0119 i inne uroczysto\u015bci Msza \u015awi\u0119ta jest odprawiania o godz. 9.00 <\/p>\n\n\n\n<p>Raz w miesi\u0105cu, siostry mieszkaj\u0105ce w Domu wraz z siostrami z WSD w Rzeszowie uczestnicz\u0105 we Mszy \u015awi\u0119tej, celebrowanej przez dyrektora Domu, w ramach formacji sta\u0142ej Si\u00f3str Franciszkanek Rodziny Maryi . <\/p>\n\n\n\n<p>Raz w roku, w styczniu, pracowniczy \u015bwieccy uczestnicz\u0105 we Mszy \u015awi\u0119tej celebrowanej przez dyrektora Domu o b\u0142ogos\u0142awie\u0144stwo Bo\u017ce w nowym roku dla nich i ich rodzin. <\/p>\n\r\n","protected":false},"excerpt":{"rendered":"<p>Ksi\u0119\u017ca mieszkaj\u0105cy w DKS codziennie celebruj\u0105 Msz\u0119 \u015awi\u0119ta o godz 7.00, z udzia\u0142em si\u00f3str (czasem tak\u017ce pracownik\u00f3w \u015bwieckich). W niedziel\u0119 i inne uroczysto\u015bci Msza \u015awi\u0119ta jest odprawiania o godz. 9.00 Raz w miesi\u0105cu, siostry mieszkaj\u0105ce w Domu wraz z siostrami z WSD w Rzeszowie uczestnicz\u0105 we Mszy \u015awi\u0119tej, celebrowanej przez dyrektora Domu, w ramach formacji sta\u0142ej Si\u00f3str Franciszkanek Rodziny Maryi &hellip; <\/p>\n","protected":false},"author":1,"featured_media":347,"comment_status":"closed","ping_status":"closed","sticky":false,"template":"","format":"standard","meta":{"footnotes":""},"categories":[16],"tags":[],"class_list":["post-345","post","type-post","status-publish","format-standard","has-post-thumbnail","hentry","category-liturgia"],"_links":{"self":[{"href":"https:\/\/www.dks.rzeszow.pl\/index.php\/wp-json\/wp\/v2\/posts\/345","targetHints":{"allow":["GET"]}}],"collection":[{"href":"https:\/\/www.dks.rzeszow.pl\/index.php\/wp-json\/wp\/v2\/posts"}],"about":[{"href":"https:\/\/www.dks.rzeszow.pl\/index.php\/wp-json\/wp\/v2\/types\/post"}],"author":[{"embeddable":true,"href":"https:\/\/www.dks.rzeszow.pl\/index.php\/wp-json\/wp\/v2\/users\/1"}],"replies":[{"embeddable":true,"href":"https:\/\/www.dks.rzeszow.pl\/index.php\/wp-json\/wp\/v2\/comments?post=345"}],"version-history":[{"count":4,"href":"https:\/\/www.dks.rzeszow.pl\/index.php\/wp-json\/wp\/v2\/posts\/345\/revisions"}],"predecessor-version":[{"id":4152,"href":"https:\/\/www.dks.rzeszow.pl\/index.php\/wp-json\/wp\/v2\/posts\/345\/revisions\/4152"}],"wp:featuredmedia":[{"embeddable":true,"href":"https:\/\/www.dks.rzeszow.pl\/index.php\/wp-json\/wp\/v2\/media\/347"}],"wp:attachment":[{"href":"https:\/\/www.dks.rzeszow.pl\/index.php\/wp-json\/wp\/v2\/media?parent=345"}],"wp:term":[{"taxonomy":"category","embeddable":true,"href":"https:\/\/www.dks.rzeszow.pl\/index.php\/wp-json\/wp\/v2\/categories?post=345"},{"taxonomy":"post_tag","embeddable":true,"href":"https:\/\/www.dks.rzeszow.pl\/index.php\/wp-json\/wp\/v2\/tags?post=345"}],"curies":[{"name":"wp","href":"https:\/\/api.w.org\/{rel}","templated":true}]}}