{"id":3193,"date":"2024-01-02T08:14:34","date_gmt":"2024-01-02T07:14:34","guid":{"rendered":"https:\/\/www.dks.rzeszow.pl\/?p=3193"},"modified":"2024-09-18T11:52:08","modified_gmt":"2024-09-18T09:52:08","slug":"zmarl-sp-ks-kazimierz-bisto-emerytowany-proboszcz-w-zglobniu","status":"publish","type":"post","link":"https:\/\/www.dks.rzeszow.pl\/index.php\/2024\/01\/02\/zmarl-sp-ks-kazimierz-bisto-emerytowany-proboszcz-w-zglobniu\/","title":{"rendered":"Zmar\u0142 \u015bp. ks. Kazimierz Bi\u015bto, emerytowany proboszcz w Zg\u0142obniu"},"content":{"rendered":"\n<figure class=\"wp-block-image size-large is-resized is-style-default\"><img loading=\"lazy\" decoding=\"async\" width=\"683\" height=\"1024\" src=\"https:\/\/www.dks.rzeszow.pl\/wp-content\/uploads\/2024\/01\/Bisto-Kazimierz-2-683x1024.jpg\" alt=\"\" class=\"wp-image-3201\" style=\"width:119px;height:auto\" srcset=\"https:\/\/www.dks.rzeszow.pl\/wp-content\/uploads\/2024\/01\/Bisto-Kazimierz-2-683x1024.jpg 683w, https:\/\/www.dks.rzeszow.pl\/wp-content\/uploads\/2024\/01\/Bisto-Kazimierz-2-200x300.jpg 200w, https:\/\/www.dks.rzeszow.pl\/wp-content\/uploads\/2024\/01\/Bisto-Kazimierz-2-768x1152.jpg 768w, https:\/\/www.dks.rzeszow.pl\/wp-content\/uploads\/2024\/01\/Bisto-Kazimierz-2.jpg 925w\" sizes=\"auto, (max-width: 683px) 100vw, 683px\" \/><\/figure>\n\n\n\n<p>We wtorek, 2 stycznia 2024 r. zmar\u0142 \u015bp. Ks. Kazimierz Bi\u015bto, przebywaj\u0105cy od 2006 r. w DKS Diecezji Rzeszowskiej.&nbsp;&nbsp;&nbsp;<\/p>\n\n\n\n<p>Pogrzeb odb\u0119dzie si\u0119 w parafii rodzinnej Lecka k. B\u0142a\u017cowej w czwartek, 4 stycznia 2024 r. R\u00f3\u017caniec o godz. 11.30, Msza \u015bw. o godz. 12.00, po niej przeniesienie cia\u0142a \u015bp. Ks. Bisto na miejscowy cmentarz.<\/p>\n\n\n\n<p>Dobry Jezu, a nasz Panie, daj mu wieczne spoczywanie! <\/p>\n\n\n\n<p> <strong>Ks.<\/strong>&nbsp; <strong>Kanonik Kazimierz Bi\u015bto<\/strong>, ur. 02.01.1939&nbsp; &#8211; Lecka, syn Jakuba i Ewy Bator, parafia pochodzenia: Lecka, matura<strong>:<\/strong>&nbsp; 1957 &#8211; LO Dyn\u00f3w, studia<strong>:<\/strong>&nbsp;&nbsp;&nbsp; 1957-1964 Przemy\u015bl &#8211; Wy\u017csze Seminarium Duchowne<\/p>\n\n\n\n<p>&nbsp;&nbsp;\u015awi\u0119cenia kap\u0142a\u0144skie<strong>:<\/strong>&nbsp;&nbsp;&nbsp;&nbsp; 21.06.1964&nbsp; Przemy\u015bl, \u015bwi\u0119ce\u0144 udzieli\u0142<strong>:<\/strong>&nbsp;&nbsp;&nbsp;&nbsp; Ks. Bp Franciszek Barda<\/p>\n\n\n\n<p>&nbsp; P<strong>racowa\u0142 w parafiach na stanowisku:<\/strong><\/p>\n\n\n\n<p>&nbsp;&nbsp;&nbsp; Krzemienica,   30.07.1964&nbsp;&nbsp;&nbsp; &#8211;&nbsp; 01.08.1966&nbsp;&nbsp;&nbsp;&nbsp;&nbsp; wikariusz<\/p>\n\n\n\n<p>&nbsp;&nbsp;&nbsp; Chmielnik Rzeszowski, 02.08.1966&nbsp;&nbsp;&nbsp; &#8211;&nbsp; 18.08.1967&nbsp;&nbsp;&nbsp;&nbsp;&nbsp; wikariusz<\/p>\n\n\n\n<p>&nbsp;&nbsp;&nbsp; Zr\u0119cin, 19.08.1967&nbsp;&nbsp;&nbsp; &#8211;&nbsp; 10.07.1969&nbsp;&nbsp;&nbsp;&nbsp;&nbsp; wikariusz<\/p>\n\n\n\n<p>&nbsp;&nbsp;&nbsp; Dyn\u00f3w,  11.07.1969&nbsp;&nbsp;&nbsp; &#8211;&nbsp; 10.07.1971&nbsp;&nbsp;&nbsp;&nbsp;&nbsp; wikariusz<\/p>\n\n\n\n<p>&nbsp;&nbsp;&nbsp; Zr\u0119cin,  11.07.1971&nbsp;&nbsp;&nbsp; &#8211;&nbsp; 31.12.1971&nbsp;&nbsp;&nbsp;&nbsp;&nbsp; wikariusz<\/p>\n\n\n\n<p>&nbsp;&nbsp;&nbsp; Kopytowa,  01.01.1972&nbsp;&nbsp;&nbsp; &#8211;&nbsp; 01.07.1984&nbsp;&nbsp;&nbsp;&nbsp;&nbsp; proboszcz<\/p>\n\n\n\n<p>&nbsp;&nbsp;&nbsp; Zg\u0142obie\u0144, 03.07.1984&nbsp;&nbsp;&nbsp; &#8211;&nbsp; 25.08.2000&nbsp;&nbsp;&nbsp; proboszcz<\/p>\n\n\n\n<p>&nbsp;&nbsp;&nbsp; Zg\u0142obie\u0144,  26.08.2000&nbsp;&nbsp;&nbsp; &#8211;&nbsp; 31.08.2002&nbsp;&nbsp;&nbsp; rezydent<\/p>\n\n\n\n<p>&nbsp;&nbsp;&nbsp; Pobyt poza diecezj\u0105,  01.09.2002&nbsp;&nbsp;&nbsp; &#8211;&nbsp; 30.03.2006&nbsp;&nbsp;&nbsp; rezydent<\/p>\n\n\n\n<p>&nbsp;&nbsp;&nbsp;&nbsp;&nbsp;DKS Diecezji Rzeszowskiej 01.04.2006- 2.01.2024 emeryt.<\/p>\n\n\n\n<p>&nbsp;&nbsp;&nbsp; Odznaczenia: EC- 1972, RM &#8211; 1986,<\/p>\n\r\n","protected":false},"excerpt":{"rendered":"<p>We wtorek, 2 stycznia 2024 r. zmar\u0142 \u015bp. Ks. Kazimierz Bi\u015bto, przebywaj\u0105cy od 2006 r. w DKS Diecezji Rzeszowskiej.&nbsp;&nbsp;&nbsp; Pogrzeb odb\u0119dzie si\u0119 w parafii rodzinnej Lecka k. B\u0142a\u017cowej w czwartek, 4 stycznia 2024 r. R\u00f3\u017caniec o godz. 11.30, Msza \u015bw. o godz. 12.00, po niej przeniesienie cia\u0142a \u015bp. Ks. Bisto na miejscowy cmentarz. Dobry Jezu, a nasz Panie, daj mu &hellip; <\/p>\n","protected":false},"author":1,"featured_media":2928,"comment_status":"closed","ping_status":"closed","sticky":false,"template":"","format":"standard","meta":{"footnotes":""},"categories":[1],"tags":[],"class_list":["post-3193","post","type-post","status-publish","format-standard","has-post-thumbnail","hentry","category-newsy"],"_links":{"self":[{"href":"https:\/\/www.dks.rzeszow.pl\/index.php\/wp-json\/wp\/v2\/posts\/3193","targetHints":{"allow":["GET"]}}],"collection":[{"href":"https:\/\/www.dks.rzeszow.pl\/index.php\/wp-json\/wp\/v2\/posts"}],"about":[{"href":"https:\/\/www.dks.rzeszow.pl\/index.php\/wp-json\/wp\/v2\/types\/post"}],"author":[{"embeddable":true,"href":"https:\/\/www.dks.rzeszow.pl\/index.php\/wp-json\/wp\/v2\/users\/1"}],"replies":[{"embeddable":true,"href":"https:\/\/www.dks.rzeszow.pl\/index.php\/wp-json\/wp\/v2\/comments?post=3193"}],"version-history":[{"count":6,"href":"https:\/\/www.dks.rzeszow.pl\/index.php\/wp-json\/wp\/v2\/posts\/3193\/revisions"}],"predecessor-version":[{"id":4641,"href":"https:\/\/www.dks.rzeszow.pl\/index.php\/wp-json\/wp\/v2\/posts\/3193\/revisions\/4641"}],"wp:featuredmedia":[{"embeddable":true,"href":"https:\/\/www.dks.rzeszow.pl\/index.php\/wp-json\/wp\/v2\/media\/2928"}],"wp:attachment":[{"href":"https:\/\/www.dks.rzeszow.pl\/index.php\/wp-json\/wp\/v2\/media?parent=3193"}],"wp:term":[{"taxonomy":"category","embeddable":true,"href":"https:\/\/www.dks.rzeszow.pl\/index.php\/wp-json\/wp\/v2\/categories?post=3193"},{"taxonomy":"post_tag","embeddable":true,"href":"https:\/\/www.dks.rzeszow.pl\/index.php\/wp-json\/wp\/v2\/tags?post=3193"}],"curies":[{"name":"wp","href":"https:\/\/api.w.org\/{rel}","templated":true}]}}