{"id":2858,"date":"2022-12-10T08:16:10","date_gmt":"2022-12-10T07:16:10","guid":{"rendered":"https:\/\/www.dks.rzeszow.pl\/?p=2858"},"modified":"2024-09-18T11:51:56","modified_gmt":"2024-09-18T09:51:56","slug":"zmarl-sp-ks-kan-jozef-mleczko","status":"publish","type":"post","link":"https:\/\/www.dks.rzeszow.pl\/index.php\/2022\/12\/10\/zmarl-sp-ks-kan-jozef-mleczko\/","title":{"rendered":"Zmar\u0142 \u015bp. ks. kan. J\u00f3zef Mleczko"},"content":{"rendered":"\n<figure class=\"wp-block-image size-full is-resized\"><img loading=\"lazy\" decoding=\"async\" src=\"https:\/\/www.dks.rzeszow.pl\/wp-content\/uploads\/2022\/12\/Mleczko-Jozef.jpg\" alt=\"\" class=\"wp-image-2860\" width=\"156\" height=\"203\" srcset=\"https:\/\/www.dks.rzeszow.pl\/wp-content\/uploads\/2022\/12\/Mleczko-Jozef.jpg 520w, https:\/\/www.dks.rzeszow.pl\/wp-content\/uploads\/2022\/12\/Mleczko-Jozef-230x300.jpg 230w\" sizes=\"auto, (max-width: 156px) 100vw, 156px\" \/><\/figure>\n\n\n\n<p><strong>Zmar\u0142 \u015bp. ks.&nbsp; kanonik J\u00f3zef Mleczko, emerytowany proboszcz w B\u0119dziemy\u015blu<\/strong><\/p>\n\n\n\n<p><strong>Pogrzeb w poniedzia\u0142ek, 12 grudnia, o godz. 12.00 w B\u0119dziemy\u015blu<\/strong><\/p>\n\n\n\n<p>\u00a0 W sobot\u0119, 9 grudnia 2022 r. zmar\u0142 \u015bp. ks.\u00a0 kanonik J\u00f3zef Mleczko, \u00a0 ur. 02.03.1932, syn Paw\u0142a i Zofii Rzepa, parafia pochodzenia: Por\u0105bka Uszewska matura:\u00a0\u00a01950 &#8211; LO Tarn\u00f3w, studia:\u00a01950-56 Tarn\u00f3w &#8211; Wy\u017csze Seminarium Duchowne; \u00a0\u015bwi\u0119cenia kap\u0142a\u0144skie:\u00a0 24.06.1956 Tarn\u00f3w, \u015bwi\u0119ce\u0144 udzieli\u0142: bp Karol P\u0119kala.<\/p>\n\n\n\n<p><strong>Ks. kan. J\u00f3zef Mleczko pracowa\u0142 w parafiach na stanowisku:<\/strong><\/p>\n\n\n\n<p><strong>&nbsp;&nbsp; <\/strong>Lubzina,&nbsp; 17.07.1956 &#8211; 19.07.1959, wikariusz<\/p>\n\n\n\n<p>&nbsp;&nbsp; Ple\u015bna, 20.07.1959 &#8211; 31.07.1963, wikariusz<\/p>\n\n\n\n<p>&nbsp;&nbsp; Cmolas, 01.08.1963 &#8211; 17.06.1966, wikariusz<\/p>\n\n\n\n<p>&nbsp;&nbsp; \u0141\u0119g Tarnowski, 18.06.1966 &#8211; 17.08.1970, wikariusz<\/p>\n\n\n\n<p>&nbsp;&nbsp; Rzepiennik Biskupi, 18.08.1970 &#8211; 19.08.1973, wikariusz<\/p>\n\n\n\n<p>&nbsp;&nbsp; B\u0119dziemy\u015bl, 20.08.1973 &#8211; 21.08.2002, proboszcz<\/p>\n\n\n\n<p>&nbsp; B\u0119dziemy\u015bl, 21.08.2002 \u2013 20.09.2022, emeryt<\/p>\n\n\n\n<p>&nbsp; Dom Ksi\u0119\u017cy Senior\u00f3w w Rzeszowie, 21.09.2022- 9.12.2022, emeryt<\/p>\n\n\n\n<p>&nbsp;&nbsp; Odznaczenia: EC &#8211; 24.05.1974 r. , RM 20.12.1980 r.,<\/p>\n\n\n\n<p>Dobry Jezu, a nasz Panie, daj mu wieczne spoczywanie!<\/p>\n\r\n","protected":false},"excerpt":{"rendered":"<p>Zmar\u0142 \u015bp. ks.&nbsp; kanonik J\u00f3zef Mleczko, emerytowany proboszcz w B\u0119dziemy\u015blu Pogrzeb w poniedzia\u0142ek, 12 grudnia, o godz. 12.00 w B\u0119dziemy\u015blu \u00a0 W sobot\u0119, 9 grudnia 2022 r. zmar\u0142 \u015bp. ks.\u00a0 kanonik J\u00f3zef Mleczko, \u00a0 ur. 02.03.1932, syn Paw\u0142a i Zofii Rzepa, parafia pochodzenia: Por\u0105bka Uszewska matura:\u00a0\u00a01950 &#8211; LO Tarn\u00f3w, studia:\u00a01950-56 Tarn\u00f3w &#8211; Wy\u017csze Seminarium Duchowne; \u00a0\u015bwi\u0119cenia kap\u0142a\u0144skie:\u00a0 24.06.1956 Tarn\u00f3w, \u015bwi\u0119ce\u0144 &hellip; <\/p>\n","protected":false},"author":1,"featured_media":780,"comment_status":"closed","ping_status":"closed","sticky":false,"template":"","format":"standard","meta":{"footnotes":""},"categories":[1],"tags":[],"class_list":["post-2858","post","type-post","status-publish","format-standard","has-post-thumbnail","hentry","category-newsy"],"_links":{"self":[{"href":"https:\/\/www.dks.rzeszow.pl\/index.php\/wp-json\/wp\/v2\/posts\/2858","targetHints":{"allow":["GET"]}}],"collection":[{"href":"https:\/\/www.dks.rzeszow.pl\/index.php\/wp-json\/wp\/v2\/posts"}],"about":[{"href":"https:\/\/www.dks.rzeszow.pl\/index.php\/wp-json\/wp\/v2\/types\/post"}],"author":[{"embeddable":true,"href":"https:\/\/www.dks.rzeszow.pl\/index.php\/wp-json\/wp\/v2\/users\/1"}],"replies":[{"embeddable":true,"href":"https:\/\/www.dks.rzeszow.pl\/index.php\/wp-json\/wp\/v2\/comments?post=2858"}],"version-history":[{"count":2,"href":"https:\/\/www.dks.rzeszow.pl\/index.php\/wp-json\/wp\/v2\/posts\/2858\/revisions"}],"predecessor-version":[{"id":4579,"href":"https:\/\/www.dks.rzeszow.pl\/index.php\/wp-json\/wp\/v2\/posts\/2858\/revisions\/4579"}],"wp:featuredmedia":[{"embeddable":true,"href":"https:\/\/www.dks.rzeszow.pl\/index.php\/wp-json\/wp\/v2\/media\/780"}],"wp:attachment":[{"href":"https:\/\/www.dks.rzeszow.pl\/index.php\/wp-json\/wp\/v2\/media?parent=2858"}],"wp:term":[{"taxonomy":"category","embeddable":true,"href":"https:\/\/www.dks.rzeszow.pl\/index.php\/wp-json\/wp\/v2\/categories?post=2858"},{"taxonomy":"post_tag","embeddable":true,"href":"https:\/\/www.dks.rzeszow.pl\/index.php\/wp-json\/wp\/v2\/tags?post=2858"}],"curies":[{"name":"wp","href":"https:\/\/api.w.org\/{rel}","templated":true}]}}