{"id":2701,"date":"2022-09-04T20:53:44","date_gmt":"2022-09-04T18:53:44","guid":{"rendered":"https:\/\/www.dks.rzeszow.pl\/?p=2701"},"modified":"2024-09-18T11:51:53","modified_gmt":"2024-09-18T09:51:53","slug":"zmarl-sp-ks-kanonik-henryk-markowski","status":"publish","type":"post","link":"https:\/\/www.dks.rzeszow.pl\/index.php\/2022\/09\/04\/zmarl-sp-ks-kanonik-henryk-markowski\/","title":{"rendered":"Zmar\u0142 \u015bp. ks. kanonik Henryk Markowski"},"content":{"rendered":"\n<figure class=\"wp-block-image size-full is-resized\"><img loading=\"lazy\" decoding=\"async\" src=\"https:\/\/www.dks.rzeszow.pl\/wp-content\/uploads\/2022\/09\/image.png\" alt=\"\" class=\"wp-image-2703\" width=\"212\" height=\"275\" srcset=\"https:\/\/www.dks.rzeszow.pl\/wp-content\/uploads\/2022\/09\/image.png 519w, https:\/\/www.dks.rzeszow.pl\/wp-content\/uploads\/2022\/09\/image-231x300.png 231w\" sizes=\"auto, (max-width: 212px) 100vw, 212px\" \/><\/figure>\n\n\n\n<p><strong style=\"font-size: revert; color: initial;\">W niedziel\u0119, 4 wrze\u015bnia 2022 r. zmar\u0142 \u015bp. ks. kan. Henryk Markowski.<\/strong><\/p>\n\n\n\n<p><strong>Pogrzeb w \u015brod\u0119, 7 wrze\u015bnia 2022 r. w Rzeszowie-S\u0142ocinie: 13.30 R\u00f3\u017caniec, 14.00 Msza \u015awi\u0119ta pogrzebowa, a po niej odprowadzenie cia\u0142a na miejscowy cmentarz.<\/strong><\/p>\n\n\n\n<p><\/p>\n\n\n\n<p>Ks. Henryk Markowski ur. 01.09.1940 &#8211; Przeworsk, syn Stanis\u0142awa i Teresy. <strong>Matura: <\/strong>1958 &#8211; TB Jaros\u0142aw; s<strong>tudia: <\/strong>1960-1966 Przemy\u015bl &#8211; Wy\u017csze Seminarium Duchowne; \u015b<strong>wi\u0119cenia kap\u0142a\u0144skie: <\/strong>26.06.1966 Przeworsk, <strong>\u015bwi\u0119ce\u0144 udzieli\u0142: b<\/strong>p Ignacy Tokarczuk<\/p>\n\n\n\n<p><strong>Pracowa\u0142 w parafiach na stanowisku:<\/strong><\/p>\n\n\n\n<p>&nbsp;&nbsp; Gogo\u0142\u00f3w, 01.08.1966 &#8211; 09.07.1969, wikariusz<\/p>\n\n\n\n<p>&nbsp;&nbsp; Rzesz\u00f3w \u2013 Fara, 10.07.1969- 09.07.1971, wikariusz<\/p>\n\n\n\n<p>&nbsp;&nbsp; Budy \u0141a\u0144cuckie, 10.07.1971- 12.07.1973, wikariusz<\/p>\n\n\n\n<p>&nbsp;&nbsp; Kamie\u0144, 13.07.1973- 03.07.1974; wikariusz<\/p>\n\n\n\n<p>&nbsp;&nbsp; Dobrzech\u00f3w, 04.07.1974- 30.06.1975, wikariusz<\/p>\n\n\n\n<p>&nbsp;&nbsp; Chmielnik Rzeszowski, 01.07.1975 &#8211; 01.10.1975, wikariusz<\/p>\n\n\n\n<p>\u00a0\u00a0 Wyszatyce, 02.10.1975 &#8211; 30.06.1983, proboszcz<\/p>\n\n\n\n<p>&nbsp;&nbsp; Zarzecze k\/ Niska, 01.07.1983 &#8211; 01.10.1990, proboszcz<\/p>\n\n\n\n<p>&nbsp;&nbsp; Baryczka,&nbsp; 02.10.1990 &#8211; 26.06.2002, proboszcz<\/p>\n\n\n\n<p>&nbsp;&nbsp; Tyczyn, 27.06.2002 &#8211; 23.08.2003, rezydent<\/p>\n\n\n\n<p>&nbsp;&nbsp; Dom Ksi\u0119\u017cy Senior\u00f3w, 24.08.2003-4.09.2022, emeryt.<\/p>\n\n\n\n<p>&nbsp;&nbsp; Odznaczenia: :<\/p>\n\n\n\n<p>&nbsp;&nbsp; EC &#8211; 05.03.1982, RM &#8211; 26.06.2002 r.<\/p>\n\n\n\n<p>Dobry Jezu, a nasz Panie, daj mu wieczne spoczywanie!<\/p>\n\r\n","protected":false},"excerpt":{"rendered":"<p>W niedziel\u0119, 4 wrze\u015bnia 2022 r. zmar\u0142 \u015bp. ks. kan. Henryk Markowski. Pogrzeb w \u015brod\u0119, 7 wrze\u015bnia 2022 r. w Rzeszowie-S\u0142ocinie: 13.30 R\u00f3\u017caniec, 14.00 Msza \u015awi\u0119ta pogrzebowa, a po niej odprowadzenie cia\u0142a na miejscowy cmentarz. Ks. Henryk Markowski ur. 01.09.1940 &#8211; Przeworsk, syn Stanis\u0142awa i Teresy. Matura: 1958 &#8211; TB Jaros\u0142aw; studia: 1960-1966 Przemy\u015bl &#8211; Wy\u017csze Seminarium Duchowne; \u015bwi\u0119cenia kap\u0142a\u0144skie: &hellip; <\/p>\n","protected":false},"author":1,"featured_media":2486,"comment_status":"closed","ping_status":"closed","sticky":false,"template":"","format":"standard","meta":{"footnotes":""},"categories":[1],"tags":[],"class_list":["post-2701","post","type-post","status-publish","format-standard","has-post-thumbnail","hentry","category-newsy"],"_links":{"self":[{"href":"https:\/\/www.dks.rzeszow.pl\/index.php\/wp-json\/wp\/v2\/posts\/2701","targetHints":{"allow":["GET"]}}],"collection":[{"href":"https:\/\/www.dks.rzeszow.pl\/index.php\/wp-json\/wp\/v2\/posts"}],"about":[{"href":"https:\/\/www.dks.rzeszow.pl\/index.php\/wp-json\/wp\/v2\/types\/post"}],"author":[{"embeddable":true,"href":"https:\/\/www.dks.rzeszow.pl\/index.php\/wp-json\/wp\/v2\/users\/1"}],"replies":[{"embeddable":true,"href":"https:\/\/www.dks.rzeszow.pl\/index.php\/wp-json\/wp\/v2\/comments?post=2701"}],"version-history":[{"count":6,"href":"https:\/\/www.dks.rzeszow.pl\/index.php\/wp-json\/wp\/v2\/posts\/2701\/revisions"}],"predecessor-version":[{"id":4563,"href":"https:\/\/www.dks.rzeszow.pl\/index.php\/wp-json\/wp\/v2\/posts\/2701\/revisions\/4563"}],"wp:featuredmedia":[{"embeddable":true,"href":"https:\/\/www.dks.rzeszow.pl\/index.php\/wp-json\/wp\/v2\/media\/2486"}],"wp:attachment":[{"href":"https:\/\/www.dks.rzeszow.pl\/index.php\/wp-json\/wp\/v2\/media?parent=2701"}],"wp:term":[{"taxonomy":"category","embeddable":true,"href":"https:\/\/www.dks.rzeszow.pl\/index.php\/wp-json\/wp\/v2\/categories?post=2701"},{"taxonomy":"post_tag","embeddable":true,"href":"https:\/\/www.dks.rzeszow.pl\/index.php\/wp-json\/wp\/v2\/tags?post=2701"}],"curies":[{"name":"wp","href":"https:\/\/api.w.org\/{rel}","templated":true}]}}