{"id":2691,"date":"2022-08-26T10:58:01","date_gmt":"2022-08-26T08:58:01","guid":{"rendered":"https:\/\/www.dks.rzeszow.pl\/?p=2691"},"modified":"2024-09-18T11:51:52","modified_gmt":"2024-09-18T09:51:52","slug":"zmarl-sp-ks-kan-stanislaw-gasior-1955-2022","status":"publish","type":"post","link":"https:\/\/www.dks.rzeszow.pl\/index.php\/2022\/08\/26\/zmarl-sp-ks-kan-stanislaw-gasior-1955-2022\/","title":{"rendered":"Zmar\u0142 \u015bp. ks. kan. Stanis\u0142aw G\u0105sior, 1955-2022"},"content":{"rendered":"\n<figure class=\"wp-block-image size-full is-resized\"><img loading=\"lazy\" decoding=\"async\" src=\"https:\/\/www.dks.rzeszow.pl\/wp-content\/uploads\/2022\/08\/Gasior-Stanislaw.jpg\" alt=\"\" class=\"wp-image-2693\" width=\"211\" height=\"274\" srcset=\"https:\/\/www.dks.rzeszow.pl\/wp-content\/uploads\/2022\/08\/Gasior-Stanislaw.jpg 520w, https:\/\/www.dks.rzeszow.pl\/wp-content\/uploads\/2022\/08\/Gasior-Stanislaw-231x300.jpg 231w\" sizes=\"auto, (max-width: 211px) 100vw, 211px\" \/><\/figure>\n\n\n\n<p>W pi\u0105tek, 26 sierpnia 2022 r. zmar\u0142 \u015bp. ks. kan Stanis\u0142aw G\u0105sior, mieszkaj\u0105cy w DKS Diecezji Rzeszowskiej w Rzeszowie, pochodz\u0105cy z parafii Nockowa<\/p>\n\n\n\n<p>Pogrzeb w poniedzia\u0142ek, 29 sierpnia 2022 r. o godz. 11.00 w Nockowej.<\/p>\n\n\n\n<p>Ks.&nbsp;&nbsp;&nbsp; Stanis\u0142aw G\u0105sior, ur. &nbsp;&nbsp;&nbsp; 01.02.1955 &#8211; Olimp\u00f3w, parafia Nockowa, syn Edwarda i Balbiny Mik. &nbsp;&nbsp;&nbsp;&nbsp;&nbsp;&nbsp; Matura: 1970-74 &#8211; LO Ropczyce, studia: 1976-1982 Kielce &#8211; Wy\u017csze Seminarium Duchowne; \u015bwi\u0119cenia kap\u0142a\u0144skie:&nbsp; 05.06.1982&nbsp;&nbsp;&nbsp;&nbsp; Kielce, \u015bwi\u0119ce\u0144 udzieli\u0142: bp Stanis\u0142aw Szymecki.<\/p>\n\n\n\n<p>Pracowa\u0142 w parafiach na stanowisku:<\/p>\n\n\n\n<p>&nbsp;&nbsp; Irz\u0105dze&nbsp;&nbsp;&nbsp;&nbsp;&nbsp;&nbsp;&nbsp;&nbsp;&nbsp;&nbsp;&nbsp;&nbsp;&nbsp;&nbsp;&nbsp;&nbsp;&nbsp;&nbsp;&nbsp;&nbsp;&nbsp;&nbsp;&nbsp;&nbsp;&nbsp;&nbsp;&nbsp;&nbsp;&nbsp;&nbsp;&nbsp;&nbsp;&nbsp;&nbsp;&nbsp;&nbsp; 25.06.1982 &#8211; 15.07.1986 wikariusz<\/p>\n\n\n\n<p>&nbsp;&nbsp; Ch\u0119ciny&nbsp;&nbsp;&nbsp;&nbsp;&nbsp;&nbsp;&nbsp;&nbsp;&nbsp;&nbsp;&nbsp;&nbsp;&nbsp;&nbsp;&nbsp;&nbsp;&nbsp;&nbsp;&nbsp;&nbsp;&nbsp;&nbsp;&nbsp;&nbsp;&nbsp;&nbsp;&nbsp;&nbsp;&nbsp;&nbsp;&nbsp;&nbsp;&nbsp;&nbsp; 16.07.1986 &#8211; 10.07.1989 wikariusz<\/p>\n\n\n\n<p>&nbsp;&nbsp; Kielce-NMP&nbsp;&nbsp;&nbsp;&nbsp;&nbsp;&nbsp;&nbsp;&nbsp;&nbsp;&nbsp;&nbsp;&nbsp;&nbsp;&nbsp;&nbsp;&nbsp;&nbsp;&nbsp;&nbsp;&nbsp;&nbsp;&nbsp;&nbsp;&nbsp;&nbsp;&nbsp;&nbsp;&nbsp; 11.07.1989 &#8211; 23.08.1992 wikariusz<\/p>\n\n\n\n<p>&nbsp;&nbsp; Ropczyce &#8211; Przemienienia Pa\u0144skiego 24.08.1992 &#8211; 30.07.1993 wikariusz<\/p>\n\n\n\n<p>&nbsp;&nbsp; G\u0142adysz\u00f3w&nbsp;&nbsp;&nbsp;&nbsp;&nbsp;&nbsp;&nbsp;&nbsp;&nbsp;&nbsp;&nbsp;&nbsp;&nbsp;&nbsp;&nbsp;&nbsp;&nbsp;&nbsp;&nbsp;&nbsp;&nbsp;&nbsp;&nbsp;&nbsp;&nbsp;&nbsp;&nbsp;&nbsp;&nbsp;&nbsp;&nbsp;&nbsp;&nbsp; 31.07.1993 &#8211; 23.08.1996&nbsp; proboszcz<\/p>\n\n\n\n<p>&nbsp;&nbsp; Gorlice &#8211; Narodzenia NMP&nbsp;&nbsp;&nbsp;&nbsp;&nbsp;&nbsp;&nbsp;&nbsp;&nbsp; 24.08.1996- 18.07.2017 penitencjarz&nbsp;<\/p>\n\n\n\n<p>&nbsp;&nbsp; Dom Ksi\u0119\u017cy Senior\u00f3w &nbsp;&nbsp;&nbsp;&nbsp;&nbsp;&nbsp;&nbsp;&nbsp;&nbsp;&nbsp;&nbsp;19.07.2017 \u2013 26.08.2022&nbsp; emeryt.<\/p>\n\n\n\n<p>&nbsp;&nbsp; Zmar\u0142 26 sierpnia 2022 r., w Uroczysto\u015b\u0107 MB Cz\u0119stochowskiej w DKS.<\/p>\n\n\n\n<p>Dobry Jezu, a nasz Panie, daj mu wieczne spoczywanie!<\/p>\n\r\n","protected":false},"excerpt":{"rendered":"<p>W pi\u0105tek, 26 sierpnia 2022 r. zmar\u0142 \u015bp. ks. kan Stanis\u0142aw G\u0105sior, mieszkaj\u0105cy w DKS Diecezji Rzeszowskiej w Rzeszowie, pochodz\u0105cy z parafii Nockowa Pogrzeb w poniedzia\u0142ek, 29 sierpnia 2022 r. o godz. 11.00 w Nockowej. Ks.&nbsp;&nbsp;&nbsp; Stanis\u0142aw G\u0105sior, ur. &nbsp;&nbsp;&nbsp; 01.02.1955 &#8211; Olimp\u00f3w, parafia Nockowa, syn Edwarda i Balbiny Mik. &nbsp;&nbsp;&nbsp;&nbsp;&nbsp;&nbsp; Matura: 1970-74 &#8211; LO Ropczyce, studia: 1976-1982 Kielce &#8211; &hellip; <\/p>\n","protected":false},"author":1,"featured_media":2486,"comment_status":"closed","ping_status":"closed","sticky":false,"template":"","format":"standard","meta":{"footnotes":""},"categories":[1],"tags":[],"class_list":["post-2691","post","type-post","status-publish","format-standard","has-post-thumbnail","hentry","category-newsy"],"_links":{"self":[{"href":"https:\/\/www.dks.rzeszow.pl\/index.php\/wp-json\/wp\/v2\/posts\/2691","targetHints":{"allow":["GET"]}}],"collection":[{"href":"https:\/\/www.dks.rzeszow.pl\/index.php\/wp-json\/wp\/v2\/posts"}],"about":[{"href":"https:\/\/www.dks.rzeszow.pl\/index.php\/wp-json\/wp\/v2\/types\/post"}],"author":[{"embeddable":true,"href":"https:\/\/www.dks.rzeszow.pl\/index.php\/wp-json\/wp\/v2\/users\/1"}],"replies":[{"embeddable":true,"href":"https:\/\/www.dks.rzeszow.pl\/index.php\/wp-json\/wp\/v2\/comments?post=2691"}],"version-history":[{"count":4,"href":"https:\/\/www.dks.rzeszow.pl\/index.php\/wp-json\/wp\/v2\/posts\/2691\/revisions"}],"predecessor-version":[{"id":4559,"href":"https:\/\/www.dks.rzeszow.pl\/index.php\/wp-json\/wp\/v2\/posts\/2691\/revisions\/4559"}],"wp:featuredmedia":[{"embeddable":true,"href":"https:\/\/www.dks.rzeszow.pl\/index.php\/wp-json\/wp\/v2\/media\/2486"}],"wp:attachment":[{"href":"https:\/\/www.dks.rzeszow.pl\/index.php\/wp-json\/wp\/v2\/media?parent=2691"}],"wp:term":[{"taxonomy":"category","embeddable":true,"href":"https:\/\/www.dks.rzeszow.pl\/index.php\/wp-json\/wp\/v2\/categories?post=2691"},{"taxonomy":"post_tag","embeddable":true,"href":"https:\/\/www.dks.rzeszow.pl\/index.php\/wp-json\/wp\/v2\/tags?post=2691"}],"curies":[{"name":"wp","href":"https:\/\/api.w.org\/{rel}","templated":true}]}}