{"id":2679,"date":"2022-07-11T19:17:23","date_gmt":"2022-07-11T17:17:23","guid":{"rendered":"https:\/\/www.dks.rzeszow.pl\/?p=2679"},"modified":"2024-09-18T11:51:52","modified_gmt":"2024-09-18T09:51:52","slug":"dzien-dziadkow-i-osob-starszych-w-rzeszowskiej-katedrze","status":"publish","type":"post","link":"https:\/\/www.dks.rzeszow.pl\/index.php\/2022\/07\/11\/dzien-dziadkow-i-osob-starszych-w-rzeszowskiej-katedrze\/","title":{"rendered":"Dzie\u0144 Dziadk\u00f3w i Os\u00f3b Starszych w rzeszowskiej katedrze"},"content":{"rendered":"\n<p>\u00a0Dzie\u0144 Dziadk\u00f3w i Os\u00f3b Starszych w rzeszowskiej katedrzezosta\u0142a wy\u0142\u0105czona<\/p>\n\n\n\n<p>W niedziel\u0119, 24 lipca, prze\u017cywa\u0107 b\u0119dziemy w rzeszowskiej katedrze II \u015awiatowy Dzie\u0144 Dziadk\u00f3w i Os\u00f3b Starszych.<\/p>\n\n\n\n<p>W programie<\/p>\n\n\n\n<p>14.30 powitanie uczestnik\u00f3w<\/p>\n\n\n\n<p>14,35 Wyk\u0142ad okoliczno\u015bciowy<\/p>\n\n\n\n<p>15.00 Msza \u015awi\u0119ta<\/p>\n\n\n\n<p>16.00 Koncert \u201eKocham Polsk\u0119\u201d<\/p>\n\n\n\n<p>Szczeg\u00f3\u0142y na plakacie. Serdecznie zapraszamy!<\/p>\n\n\n\n<figure class=\"wp-block-image size-large\"><img loading=\"lazy\" decoding=\"async\" width=\"724\" height=\"1024\" src=\"https:\/\/www.dks.rzeszow.pl\/wp-content\/uploads\/2022\/07\/II-Swiatowy-Dzien-Dziadkow-24.07.2022-724x1024.jpg\" alt=\"\" class=\"wp-image-2682\" srcset=\"https:\/\/www.dks.rzeszow.pl\/wp-content\/uploads\/2022\/07\/II-Swiatowy-Dzien-Dziadkow-24.07.2022-724x1024.jpg 724w, https:\/\/www.dks.rzeszow.pl\/wp-content\/uploads\/2022\/07\/II-Swiatowy-Dzien-Dziadkow-24.07.2022-212x300.jpg 212w, https:\/\/www.dks.rzeszow.pl\/wp-content\/uploads\/2022\/07\/II-Swiatowy-Dzien-Dziadkow-24.07.2022-768x1087.jpg 768w, https:\/\/www.dks.rzeszow.pl\/wp-content\/uploads\/2022\/07\/II-Swiatowy-Dzien-Dziadkow-24.07.2022.jpg 826w\" sizes=\"auto, (max-width: 724px) 100vw, 724px\" \/><\/figure>\n\r\n","protected":false},"excerpt":{"rendered":"<p>\u00a0Dzie\u0144 Dziadk\u00f3w i Os\u00f3b Starszych w rzeszowskiej katedrzezosta\u0142a wy\u0142\u0105czona W niedziel\u0119, 24 lipca, prze\u017cywa\u0107 b\u0119dziemy w rzeszowskiej katedrze II \u015awiatowy Dzie\u0144 Dziadk\u00f3w i Os\u00f3b Starszych. W programie 14.30 powitanie uczestnik\u00f3w 14,35 Wyk\u0142ad okoliczno\u015bciowy 15.00 Msza \u015awi\u0119ta 16.00 Koncert \u201eKocham Polsk\u0119\u201d Szczeg\u00f3\u0142y na plakacie. Serdecznie zapraszamy!<\/p>\n","protected":false},"author":1,"featured_media":2681,"comment_status":"closed","ping_status":"closed","sticky":false,"template":"","format":"standard","meta":{"footnotes":""},"categories":[1],"tags":[],"class_list":["post-2679","post","type-post","status-publish","format-standard","has-post-thumbnail","hentry","category-newsy"],"_links":{"self":[{"href":"https:\/\/www.dks.rzeszow.pl\/index.php\/wp-json\/wp\/v2\/posts\/2679","targetHints":{"allow":["GET"]}}],"collection":[{"href":"https:\/\/www.dks.rzeszow.pl\/index.php\/wp-json\/wp\/v2\/posts"}],"about":[{"href":"https:\/\/www.dks.rzeszow.pl\/index.php\/wp-json\/wp\/v2\/types\/post"}],"author":[{"embeddable":true,"href":"https:\/\/www.dks.rzeszow.pl\/index.php\/wp-json\/wp\/v2\/users\/1"}],"replies":[{"embeddable":true,"href":"https:\/\/www.dks.rzeszow.pl\/index.php\/wp-json\/wp\/v2\/comments?post=2679"}],"version-history":[{"count":2,"href":"https:\/\/www.dks.rzeszow.pl\/index.php\/wp-json\/wp\/v2\/posts\/2679\/revisions"}],"predecessor-version":[{"id":4557,"href":"https:\/\/www.dks.rzeszow.pl\/index.php\/wp-json\/wp\/v2\/posts\/2679\/revisions\/4557"}],"wp:featuredmedia":[{"embeddable":true,"href":"https:\/\/www.dks.rzeszow.pl\/index.php\/wp-json\/wp\/v2\/media\/2681"}],"wp:attachment":[{"href":"https:\/\/www.dks.rzeszow.pl\/index.php\/wp-json\/wp\/v2\/media?parent=2679"}],"wp:term":[{"taxonomy":"category","embeddable":true,"href":"https:\/\/www.dks.rzeszow.pl\/index.php\/wp-json\/wp\/v2\/categories?post=2679"},{"taxonomy":"post_tag","embeddable":true,"href":"https:\/\/www.dks.rzeszow.pl\/index.php\/wp-json\/wp\/v2\/tags?post=2679"}],"curies":[{"name":"wp","href":"https:\/\/api.w.org\/{rel}","templated":true}]}}