{"id":2564,"date":"2022-03-02T20:45:15","date_gmt":"2022-03-02T19:45:15","guid":{"rendered":"https:\/\/www.dks.rzeszow.pl\/?p=2564"},"modified":"2024-09-18T11:51:46","modified_gmt":"2024-09-18T09:51:46","slug":"wielki-post-2022","status":"publish","type":"post","link":"https:\/\/www.dks.rzeszow.pl\/index.php\/2022\/03\/02\/wielki-post-2022\/","title":{"rendered":"Wielki Post 2022"},"content":{"rendered":"\n<p>W \u015arod\u0119 Popielcow\u0105 rozpocz\u0119li\u015bmy 40-dniowy okres Wielkiego Postu, z wezwaniem do modlitwy, postu i ja\u0142mu\u017cny, w tym roku ze szczeg\u00f3lnie otwartym sercem na sprawy zwi\u0105zane z wojn\u0105 na Ukrainie: wielk\u0105 modlitw\u0105 o pok\u00f3j, postem na przezwyci\u0119\u017cenia z\u0142a wojny i ja\u0142mu\u017cn\u0105 \u015bwiadczon\u0105 uchod\u017acom z Ukrainy.<\/p>\n\n\n\n<p>Ksi\u0119ga Joela 2, 12 -17<\/p>\n\n\n\n<p>\u00abPrzeto i teraz jeszcze &#8211; wyrocznia Pana:<br>Nawr\u00f3\u0107cie si\u0119 do Mnie ca\u0142ym swym sercem,<br>przez post i p\u0142acz, i lament\u00bb.<br>Rozdzierajcie jednak serca wasze, a nie szaty!<br>Nawr\u00f3\u0107cie si\u0119 do Pana Boga waszego!<br>On bowiem jest \u0142askawy, mi\u0142osierny,<br>nieskory do gniewu i wielki w \u0142askawo\u015bci,<br>a lituje si\u0119 na widok niedoli.<br>Kto wie? Mo\u017ce zn\u00f3w po\u017ca\u0142uje<br>i pozostawi po sobie b\u0142ogos\u0142awie\u0144stwo\u00a0[plon\u00f3w]<br>na ofiar\u0119 z pokarm\u00f3w i ofiar\u0119 p\u0142ynn\u0105<br>dla Pana Boga waszego.<\/p>\n\n\n\n<p>Na Syjonie dmijcie w r\u00f3g,<br>zarz\u0105d\u017acie \u015bwi\u0119ty post,<br>og\u0142o\u015bcie uroczyste zgromadzenie.<\/p>\n\n\n\n<p><strong>\u00a0<\/strong>Zbierzcie lud,<br>zwo\u0142ajcie \u015bwi\u0119t\u0105 spo\u0142eczno\u015b\u0107,<br>zgromad\u017acie starc\u00f3w,<br>zbierzcie dzieci,<br>i ss\u0105cych piersi!<br>Niech wyjdzie oblubieniec ze swojej komnaty<br>a oblubienica ze swego pokoju!<br>Mi\u0119dzy przedsionkiem a o\u0142tarzem niechaj p\u0142acz\u0105<br>kap\u0142ani, s\u0142udzy Pa\u0144scy!<br>Niech m\u00f3wi\u0105:<br>\u00abPrzepu\u015b\u0107, Panie, ludowi Twojemu<br>i nie daj dziedzictwa swego na poha\u0144bienie,<br>aby poganie nie zapanowali\u00a0nad nami\u00bb.<\/p>\n\r\n","protected":false},"excerpt":{"rendered":"<p>W \u015arod\u0119 Popielcow\u0105 rozpocz\u0119li\u015bmy 40-dniowy okres Wielkiego Postu, z wezwaniem do modlitwy, postu i ja\u0142mu\u017cny, w tym roku ze szczeg\u00f3lnie otwartym sercem na sprawy zwi\u0105zane z wojn\u0105 na Ukrainie: wielk\u0105 modlitw\u0105 o pok\u00f3j, postem na przezwyci\u0119\u017cenia z\u0142a wojny i ja\u0142mu\u017cn\u0105 \u015bwiadczon\u0105 uchod\u017acom z Ukrainy. Ksi\u0119ga Joela 2, 12 -17 \u00abPrzeto i teraz jeszcze &#8211; wyrocznia Pana:Nawr\u00f3\u0107cie si\u0119 do Mnie ca\u0142ym &hellip; <\/p>\n","protected":false},"author":1,"featured_media":2566,"comment_status":"closed","ping_status":"closed","sticky":false,"template":"","format":"standard","meta":{"footnotes":""},"categories":[1],"tags":[],"class_list":["post-2564","post","type-post","status-publish","format-standard","has-post-thumbnail","hentry","category-newsy"],"_links":{"self":[{"href":"https:\/\/www.dks.rzeszow.pl\/index.php\/wp-json\/wp\/v2\/posts\/2564","targetHints":{"allow":["GET"]}}],"collection":[{"href":"https:\/\/www.dks.rzeszow.pl\/index.php\/wp-json\/wp\/v2\/posts"}],"about":[{"href":"https:\/\/www.dks.rzeszow.pl\/index.php\/wp-json\/wp\/v2\/types\/post"}],"author":[{"embeddable":true,"href":"https:\/\/www.dks.rzeszow.pl\/index.php\/wp-json\/wp\/v2\/users\/1"}],"replies":[{"embeddable":true,"href":"https:\/\/www.dks.rzeszow.pl\/index.php\/wp-json\/wp\/v2\/comments?post=2564"}],"version-history":[{"count":2,"href":"https:\/\/www.dks.rzeszow.pl\/index.php\/wp-json\/wp\/v2\/posts\/2564\/revisions"}],"predecessor-version":[{"id":4529,"href":"https:\/\/www.dks.rzeszow.pl\/index.php\/wp-json\/wp\/v2\/posts\/2564\/revisions\/4529"}],"wp:featuredmedia":[{"embeddable":true,"href":"https:\/\/www.dks.rzeszow.pl\/index.php\/wp-json\/wp\/v2\/media\/2566"}],"wp:attachment":[{"href":"https:\/\/www.dks.rzeszow.pl\/index.php\/wp-json\/wp\/v2\/media?parent=2564"}],"wp:term":[{"taxonomy":"category","embeddable":true,"href":"https:\/\/www.dks.rzeszow.pl\/index.php\/wp-json\/wp\/v2\/categories?post=2564"},{"taxonomy":"post_tag","embeddable":true,"href":"https:\/\/www.dks.rzeszow.pl\/index.php\/wp-json\/wp\/v2\/tags?post=2564"}],"curies":[{"name":"wp","href":"https:\/\/api.w.org\/{rel}","templated":true}]}}