{"id":2325,"date":"2021-04-10T18:32:28","date_gmt":"2021-04-10T16:32:28","guid":{"rendered":"https:\/\/www.dks.rzeszow.pl\/?p=2325"},"modified":"2024-09-18T11:51:36","modified_gmt":"2024-09-18T09:51:36","slug":"uroczystosc-milosierdzia-bozego","status":"publish","type":"post","link":"https:\/\/www.dks.rzeszow.pl\/index.php\/2021\/04\/10\/uroczystosc-milosierdzia-bozego\/","title":{"rendered":"Uroczysto\u015b\u0107 Mi\u0142osierdzia Bo\u017cego"},"content":{"rendered":"\n<p>W niedziel\u0119, 11 kwietnia, Ko\u015bci\u00f3\u0142 prze\u017cywa Uroczysto\u015b\u0107 Mi\u0142osierdzia Bo\u017cego. &nbsp;Po&nbsp;beatyfikacji s. Faustyny Kowalskiej, 18 kwietnia 1993 roku, biskupi polscy skierowali pro\u015bb\u0119 do papie\u017ca Jana Paw\u0142a II o ustanowienie \u015awi\u0119ta Mi\u0142osierdzia Bo\u017cego. Kongregacja &nbsp;ds. Kultu Bo\u017cego i Dyscypliny Sakrament\u00f3w&nbsp;zezwoli\u0142a w 1997 roku na obchodzenie go w&nbsp;polskim Ko\u015bciele w II Niedziel\u0119 Wielkanocn\u0105.  Podczas&nbsp;kanonizacji&nbsp;\u015bw. Faustyny w 2000 roku Jan Pawe\u0142 II og\u0142osi\u0142 II Niedziel\u0119 Wielkanocn\u0105 jako \u015awi\u0119to Mi\u0142osierdzia Bo\u017cego dla ca\u0142ego Ko\u015bcio\u0142a. Uroczystego aktu zawierzenia \u015bwiata Bo\u017cemu Mi\u0142osierdziu papie\u017c dokona\u0142 17 sierpnia 2002 roku w Bazylice Bo\u017cego Mi\u0142osierdzia w krakowskich \u0141agiewnikach.<\/p>\n\n\n\n<p>W DKS Diecezji Rzeszowskiej uroczysta Msza \u015awi\u0119ta zostanie  odprawiona o godz. 9.00, a o godz. 15.00 b\u0119dzie prze\u017cywana Godzina Mi\u0142osierdzia.<\/p>\n\n\n\n<p><\/p>\n\r\n","protected":false},"excerpt":{"rendered":"<p>W niedziel\u0119, 11 kwietnia, Ko\u015bci\u00f3\u0142 prze\u017cywa Uroczysto\u015b\u0107 Mi\u0142osierdzia Bo\u017cego. &nbsp;Po&nbsp;beatyfikacji s. Faustyny Kowalskiej, 18 kwietnia 1993 roku, biskupi polscy skierowali pro\u015bb\u0119 do papie\u017ca Jana Paw\u0142a II o ustanowienie \u015awi\u0119ta Mi\u0142osierdzia Bo\u017cego. Kongregacja &nbsp;ds. Kultu Bo\u017cego i Dyscypliny Sakrament\u00f3w&nbsp;zezwoli\u0142a w 1997 roku na obchodzenie go w&nbsp;polskim Ko\u015bciele w II Niedziel\u0119 Wielkanocn\u0105. Podczas&nbsp;kanonizacji&nbsp;\u015bw. Faustyny w 2000 roku Jan Pawe\u0142 II og\u0142osi\u0142 II &hellip; <\/p>\n","protected":false},"author":1,"featured_media":2330,"comment_status":"closed","ping_status":"closed","sticky":false,"template":"","format":"standard","meta":{"footnotes":""},"categories":[1],"tags":[],"class_list":["post-2325","post","type-post","status-publish","format-standard","has-post-thumbnail","hentry","category-newsy"],"_links":{"self":[{"href":"https:\/\/www.dks.rzeszow.pl\/index.php\/wp-json\/wp\/v2\/posts\/2325","targetHints":{"allow":["GET"]}}],"collection":[{"href":"https:\/\/www.dks.rzeszow.pl\/index.php\/wp-json\/wp\/v2\/posts"}],"about":[{"href":"https:\/\/www.dks.rzeszow.pl\/index.php\/wp-json\/wp\/v2\/types\/post"}],"author":[{"embeddable":true,"href":"https:\/\/www.dks.rzeszow.pl\/index.php\/wp-json\/wp\/v2\/users\/1"}],"replies":[{"embeddable":true,"href":"https:\/\/www.dks.rzeszow.pl\/index.php\/wp-json\/wp\/v2\/comments?post=2325"}],"version-history":[{"count":4,"href":"https:\/\/www.dks.rzeszow.pl\/index.php\/wp-json\/wp\/v2\/posts\/2325\/revisions"}],"predecessor-version":[{"id":4471,"href":"https:\/\/www.dks.rzeszow.pl\/index.php\/wp-json\/wp\/v2\/posts\/2325\/revisions\/4471"}],"wp:featuredmedia":[{"embeddable":true,"href":"https:\/\/www.dks.rzeszow.pl\/index.php\/wp-json\/wp\/v2\/media\/2330"}],"wp:attachment":[{"href":"https:\/\/www.dks.rzeszow.pl\/index.php\/wp-json\/wp\/v2\/media?parent=2325"}],"wp:term":[{"taxonomy":"category","embeddable":true,"href":"https:\/\/www.dks.rzeszow.pl\/index.php\/wp-json\/wp\/v2\/categories?post=2325"},{"taxonomy":"post_tag","embeddable":true,"href":"https:\/\/www.dks.rzeszow.pl\/index.php\/wp-json\/wp\/v2\/tags?post=2325"}],"curies":[{"name":"wp","href":"https:\/\/api.w.org\/{rel}","templated":true}]}}