{"id":2131,"date":"2021-01-27T22:44:58","date_gmt":"2021-01-27T21:44:58","guid":{"rendered":"https:\/\/www.dks.rzeszow.pl\/?p=2131"},"modified":"2024-09-18T11:51:28","modified_gmt":"2024-09-18T09:51:28","slug":"rok-sw-jozefa-w-diecezji-rzeszowskiej","status":"publish","type":"post","link":"https:\/\/www.dks.rzeszow.pl\/index.php\/2021\/01\/27\/rok-sw-jozefa-w-diecezji-rzeszowskiej\/","title":{"rendered":"Rok \u015bw. J\u00f3zefa w diecezji rzeszowskiej"},"content":{"rendered":"\n<p><strong>ROK \u015aWI\u0118TEGO J\u00d3ZEFA<\/strong><\/p>\n\n\n\n<p><strong>8 grudnia 2020 r. papie\u017c Franciszek og\u0142osi\u0142 specjalny Rok \u015bw.&nbsp;J\u00f3zefa z&nbsp;okazji 150. rocznicy ustanowienia Opiekuna Jezusa Patronem Ko\u015bcio\u0142a powszechnego.<\/strong><\/p>\n\n\n\n<p><strong><u>W naszej diecezji planujemy:<\/u><\/strong><\/p>\n\n\n\n<ul class=\"wp-block-list\"><li><strong>W ka\u017cd\u0105 \u015brod\u0119 w parafiach <\/strong>Msza \u015awi\u0119ta wotywna o&nbsp;\u015awi\u0119tym J\u00f3zefie. (dekret Ksi\u0119dza Biskupa)<\/li><\/ul>\n\n\n\n<ul class=\"wp-block-list\"><li><strong>10-18 marca &#8211; Duszpasterstwo m\u0142odzie\u017cy poprowadzi nowenn\u0119 on-line przed Uroczysto\u015bci\u0105 \u015bw. J\u00f3zefa (19 marca 2021) w ramach rekolekcji wielkopostnych.<\/strong><\/li><\/ul>\n\n\n\n<ul class=\"wp-block-list\"><li><strong>19 marca<\/strong><\/li><\/ul>\n\n\n\n<p>Odpust ku czci \u015bw. J\u00f3zefa pod przewodnictwem Ksi\u0119dza Biskupa Jana W\u0105troby w&nbsp;parafii \u015bw. J\u00f3zefa w&nbsp;Rzeszowie (Staromie\u015bcie) o godzinie 18:00.<\/p>\n\n\n\n<ul class=\"wp-block-list\"><li><strong>28, 29, 30 kwietnia<\/strong><\/li><\/ul>\n\n\n\n<p>Triduum przed liturgicznym wspomnieniem \u015bw. J\u00f3zefa Rzemie\u015blnika w ka\u017cdej parafii diecezji (materia\u0142y zostan\u0105 dostarczone do parafii)<\/p>\n\n\n\n<ul class=\"wp-block-list\"><li><strong>1 maja<\/strong><\/li><\/ul>\n\n\n\n<p>W parafii \u015bw. J\u00f3zefa w&nbsp;Rzeszowie (Staromie\u015bcie) o godzinie 11:00 Ks. Bp Jan W\u0105troba, oraz w parafii \u015bw. J\u00f3zefa w Sko\u0142yszynie o godzinie 11:00 Ks. Bp Edward Bia\u0142og\u0142owski, dokonaj\u0105 oddania naszej diecezji \u015bw. J\u00f3zefowi. W&nbsp;tym dniu w&nbsp;\u0142\u0105czno\u015bci z&nbsp;Ksi\u0119\u017cmi Biskupami takie oddanie nast\u0105pi r\u00f3wnie\u017c w&nbsp;parafiach naszej diecezji.<\/p>\n\n\n\n<ul class=\"wp-block-list\"><li><strong>19 czerwca<\/strong><\/li><\/ul>\n\n\n\n<p>Dzie\u0144 \u015awi\u0119to\u015bci Kap\u0142a\u0144skiej<\/p>\n\n\n\n<ul class=\"wp-block-list\"><li><strong>20 czerwca<\/strong><br>Dzie\u0144 \u015awi\u0119to\u015bci Ma\u0142\u017ce\u0144stw<\/li><\/ul>\n\n\n\n<p><strong>PENITENCJARIA APOSTOLSKA DEKRET<\/strong><\/p>\n\n\n\n<p>Udzieli\u0142a daru <strong>specjalnych Odpust\u00f3w z okazji Roku Jubileuszowego na cze\u015b\u0107 \u015awi\u0119tego J\u00f3zefa:<\/strong><\/p>\n\n\n\n<ol class=\"wp-block-list\" type=\"1\"><li><strong>Udziela si\u0119 zatem odpustu zupe\u0142nego wszystkim, kt\u00f3rzy przez co najmniej p\u00f3\u0142 godziny b\u0119d\u0105 rozwa\u017ca\u0107 Modlitw\u0119 Pa\u0144sk\u0105<\/strong> lub <strong>wezm\u0105 udzia\u0142 w jednym pe\u0142nym dniu skupienia, zawieraj\u0105cym rozwa\u017canie o \u015awi\u0119tym J\u00f3zefie.<\/strong><\/li><\/ol>\n\n\n\n<ul class=\"wp-block-list\"><li><strong>Ci, kt\u00f3rzy na wz\u00f3r \u015awi\u0119tego J\u00f3zefa spe\u0142ni\u0105 uczynek mi\u0142osierdzia wzgl\u0119dem cia\u0142a lub wzgl\u0119dem duszy,<\/strong> b\u0119d\u0105 mogli otrzyma\u0107 dar odpustu zupe\u0142nego.<\/li><\/ul>\n\n\n\n<ul class=\"wp-block-list\"><li>Aby wezwa\u0107 rodziny chrze\u015bcija\u0144skie do odtwarzania przyk\u0142adu wewn\u0119trznej jedno\u015bci, mi\u0142o\u015bci i modlitwy, kt\u00f3rym jest \u015awi\u0119ta Rodzina, udziela si\u0119 odpustu zupe\u0142nego wiernym, kt\u00f3rzy <strong>odmawia\u0107 b\u0119d\u0105 R\u00f3\u017caniec \u015awi\u0119ty w rodzinach i pomi\u0119dzy narzeczonymi<\/strong>.<\/li><\/ul>\n\n\n\n<ul class=\"wp-block-list\"><li>Udziela si\u0119 odpustu zupe\u0142nego ka\u017cdemu, <strong>kto powierza\u0107 b\u0119dzie codziennie swoj\u0105 dzia\u0142alno\u015b\u0107 opiece \u015awi\u0119tego J\u00f3zefa, a tak\u017ce ka\u017cdemu wiernemu, wzywaj\u0105cemu Rzemie\u015blnika z Nazaretu w modlitwach wstawienniczych za tych, kt\u00f3rzy szukaj\u0105 pracy, aby mogli znale\u017a\u0107 zaj\u0119cie, oraz aby praca wszystkich ludzi by\u0142a bardziej godna<\/strong>.<\/li><\/ul>\n\n\n\n<ul class=\"wp-block-list\"><li>Udziela si\u0119 odpustu zupe\u0142nego wiernym, <strong>kt\u00f3rzy odmawia\u0107 b\u0119d\u0105 Litani\u0119 do \u015awi\u0119tego J\u00f3zefa (w tradycji \u0142aci\u0144skiej) lub Akatyst do \u015awi\u0119tego J\u00f3zefa, w ca\u0142o\u015bci lub przynajmniej w odpowiedniej cz\u0119\u015bci (w tradycji bizantyjskiej), lub te\u017c jak\u0105\u015b inn\u0105 modlitw\u0119 do \u015awi\u0119tego J\u00f3zefa, przypisan\u0105 jako w\u0142asna w r\u00f3\u017cnych tradycjach liturgicznych, w intencji Ko\u015bcio\u0142a prze\u015bladowanego od wewn\u0105trz i od zewn\u0105trz oraz w intencji ul\u017cenia wszystkim chrze\u015bcijanom, kt\u00f3rzy cierpi\u0105 prze\u015bladowania wszelkiego rodzaju<\/strong>.<\/li><\/ul>\n\n\n\n<ul class=\"wp-block-list\"><li>Ponadto, celem potwierdzenia powszechno\u015bci patronatu \u015awi\u0119tego J\u00f3zefa w Ko\u015bciele, poza wspomnianymi wy\u017cej okoliczno\u015bciami, <strong>Penitencjaria Apostolska udziela odpustu zupe\u0142nego wiernym, kt\u00f3rzy odm\u00f3wi\u0105 dowoln\u0105 prawnie zatwierdzon\u0105 modlitw\u0119 lub akt pobo\u017cno\u015bci na cze\u015b\u0107 \u015awi\u0119tego J\u00f3zefa, np. \u201eDo Ciebie, \u015awi\u0119ty J\u00f3zefie\u201d, szczeg\u00f3lnie w dniach 19 marca i 1 maja, w \u015awi\u0119to \u015awi\u0119tej Rodziny Jezusa, Maryi i J\u00f3zefa, w Niedziel\u0119 \u015awi\u0119tego J\u00f3zefa (w tradycji bizantyjskiej), 19 dnia ka\u017cdego miesi\u0105ca i w ka\u017cd\u0105 \u015brod\u0119, b\u0119d\u0105c\u0105 dniem po\u015bwi\u0119conym wspomnieniu tego \u015awi\u0119tego w tradycji \u0142aci\u0144skiej.<\/strong><\/li><\/ul>\n\n\n\n<p><strong>W obecnej sytuacji publicznego zagro\u017cenia zdrowia, rozszerza si\u0119 dar odpustu zupe\u0142nego w spos\u00f3b szczeg\u00f3lny na osoby w podesz\u0142ym wieku, na chorych, umieraj\u0105cych i wszystkich tych, kt\u00f3rzy z usprawiedliwionych racji nie mog\u0105 wyj\u015b\u0107 z domu, a kt\u00f3rzy odrywaj\u0105c si\u0119 w duchu od wszelkiego grzechu oraz z intencj\u0105 wype\u0142nienia, gdy tylko to b\u0119dzie mo\u017cliwe, zwyk\u0142ych warunk\u00f3w, odm\u00f3wi\u0105 w domu lub tam, gdzie zatrzymuje ich przeszkoda, akt pobo\u017cno\u015bci na cze\u015b\u0107 \u015awi\u0119tego J\u00f3zefa, pocieszyciela chorych i Patrona Dobrej \u015amierci, ofiaruj\u0105c z ufno\u015bci\u0105 Bogu bole\u015bci i niedogodno\u015bci w\u0142asnego \u017cycia.<\/strong><\/p>\n\r\n","protected":false},"excerpt":{"rendered":"<p>ROK \u015aWI\u0118TEGO J\u00d3ZEFA 8 grudnia 2020 r. papie\u017c Franciszek og\u0142osi\u0142 specjalny Rok \u015bw.&nbsp;J\u00f3zefa z&nbsp;okazji 150. rocznicy ustanowienia Opiekuna Jezusa Patronem Ko\u015bcio\u0142a powszechnego. W naszej diecezji planujemy: W ka\u017cd\u0105 \u015brod\u0119 w parafiach Msza \u015awi\u0119ta wotywna o&nbsp;\u015awi\u0119tym J\u00f3zefie. (dekret Ksi\u0119dza Biskupa) 10-18 marca &#8211; Duszpasterstwo m\u0142odzie\u017cy poprowadzi nowenn\u0119 on-line przed Uroczysto\u015bci\u0105 \u015bw. J\u00f3zefa (19 marca 2021) w ramach rekolekcji wielkopostnych. 19 marca &hellip; <\/p>\n","protected":false},"author":1,"featured_media":2009,"comment_status":"closed","ping_status":"closed","sticky":false,"template":"","format":"standard","meta":{"footnotes":""},"categories":[1],"tags":[],"class_list":["post-2131","post","type-post","status-publish","format-standard","has-post-thumbnail","hentry","category-newsy"],"_links":{"self":[{"href":"https:\/\/www.dks.rzeszow.pl\/index.php\/wp-json\/wp\/v2\/posts\/2131","targetHints":{"allow":["GET"]}}],"collection":[{"href":"https:\/\/www.dks.rzeszow.pl\/index.php\/wp-json\/wp\/v2\/posts"}],"about":[{"href":"https:\/\/www.dks.rzeszow.pl\/index.php\/wp-json\/wp\/v2\/types\/post"}],"author":[{"embeddable":true,"href":"https:\/\/www.dks.rzeszow.pl\/index.php\/wp-json\/wp\/v2\/users\/1"}],"replies":[{"embeddable":true,"href":"https:\/\/www.dks.rzeszow.pl\/index.php\/wp-json\/wp\/v2\/comments?post=2131"}],"version-history":[{"count":2,"href":"https:\/\/www.dks.rzeszow.pl\/index.php\/wp-json\/wp\/v2\/posts\/2131\/revisions"}],"predecessor-version":[{"id":4429,"href":"https:\/\/www.dks.rzeszow.pl\/index.php\/wp-json\/wp\/v2\/posts\/2131\/revisions\/4429"}],"wp:featuredmedia":[{"embeddable":true,"href":"https:\/\/www.dks.rzeszow.pl\/index.php\/wp-json\/wp\/v2\/media\/2009"}],"wp:attachment":[{"href":"https:\/\/www.dks.rzeszow.pl\/index.php\/wp-json\/wp\/v2\/media?parent=2131"}],"wp:term":[{"taxonomy":"category","embeddable":true,"href":"https:\/\/www.dks.rzeszow.pl\/index.php\/wp-json\/wp\/v2\/categories?post=2131"},{"taxonomy":"post_tag","embeddable":true,"href":"https:\/\/www.dks.rzeszow.pl\/index.php\/wp-json\/wp\/v2\/tags?post=2131"}],"curies":[{"name":"wp","href":"https:\/\/api.w.org\/{rel}","templated":true}]}}