{"id":2007,"date":"2020-12-11T15:30:32","date_gmt":"2020-12-11T14:30:32","guid":{"rendered":"https:\/\/www.dks.rzeszow.pl\/?p=2007"},"modified":"2024-09-18T11:51:23","modified_gmt":"2024-09-18T09:51:23","slug":"rok-swietego-jozefa-odpusty","status":"publish","type":"post","link":"https:\/\/www.dks.rzeszow.pl\/index.php\/2020\/12\/11\/rok-swietego-jozefa-odpusty\/","title":{"rendered":"Rok \u015awi\u0119tego J\u00f3zefa &#8211; odpusty"},"content":{"rendered":"\n<p>Z okazji Roku Jubileuszowego na cze\u015b\u0107 \u015awi\u0119tego J\u00f3zefa, od 8 grudnia 2020 do 8 grudnia 2021 r.,  zarz\u0105dzonego przez Ojca \u015awi\u0119tego Franciszka dla uczczenia 150. rocznicy og\u0142oszenia \u015bw. J\u00f3zefa  Patronem Ko\u015bcio\u0142a Katolickiego Penitencjaria Apostolska udziela daru specjalnych odpust\u00f3w. <\/p>\n\n\n\n<p>Udziela si\u0119 Odpustu zupe\u0142nego pod zwyk\u0142ymi warunkami (tzn. sakramentalna spowied\u017a, Komunia eucharystyczna oraz modlitwa zgodna z intencjami Ojca \u015awi\u0119tego) wiernym, kt\u00f3rzy odrywaj\u0105c si\u0119 w duchu od wszelkiego grzechu, uczestniczy\u0107 b\u0119d\u0105 w Roku \u015awi\u0119tego J\u00f3zefa w okoliczno\u015bciach i na sposoby okre\u015blone przez t\u0119 Penitencjari\u0119 Apostolsk\u0105.<\/p>\n\n\n\n<p>a. Udziela si\u0119 zatem odpustu zupe\u0142nego wszystkim, kt\u00f3rzy przez co najmniej p\u00f3\u0142 godziny b\u0119d\u0105 rozwa\u017ca\u0107 Modlitw\u0119 Pa\u0144sk\u0105 lub wezm\u0105 udzia\u0142 w jednym pe\u0142nym dniu skupienia, zawieraj\u0105cym rozwa\u017canie o \u015awi\u0119tym J\u00f3zefie.<\/p>\n\n\n\n<p>b.  Ci, kt\u00f3rzy na wz\u00f3r \u015awi\u0119tego J\u00f3zefa spe\u0142ni\u0105 uczynek mi\u0142osierdzia wzgl\u0119dem cia\u0142a lub wzgl\u0119dem duszy, b\u0119d\u0105 mogli otrzyma\u0107 dar odpustu zupe\u0142nego.<\/p>\n\n\n\n<p>c. Udziela si\u0119 odpustu zupe\u0142nego wiernym, kt\u00f3rzy odmawia\u0107 b\u0119d\u0105 R\u00f3\u017caniec \u015awi\u0119ty w rodzinach i pomi\u0119dzy narzeczonymi.<\/p>\n\n\n\n<p>d. Udziela si\u0119 odpustu zupe\u0142nego ka\u017cdemu, kto powierza\u0107 b\u0119dzie codziennie swoj\u0105 dzia\u0142alno\u015b\u0107 opiece \u015awi\u0119tego J\u00f3zefa, a tak\u017ce ka\u017cdemu wiernemu, wzywaj\u0105cemu Rzemie\u015blnika z Nazaretu w modlitwach wstawienniczych za tych, kt\u00f3rzy szukaj\u0105 pracy, aby mogli znale\u017a\u0107&nbsp;zaj\u0119cie, oraz aby praca wszystkich ludzi by\u0142a bardziej godna.<\/p>\n\n\n\n<p>e.  Udziela si\u0119 odpustu zupe\u0142nego wiernym, kt\u00f3rzy odmawia\u0107 b\u0119d\u0105 Litani\u0119 do \u015awi\u0119tego J\u00f3zefa (w tradycji \u0142aci\u0144skiej) lub Akatyst do \u015awi\u0119tego J\u00f3zefa, w ca\u0142o\u015bci lub przynajmniej w odpowiedniej cz\u0119\u015bci (w tradycji bizantyjskiej), lub te\u017c jak\u0105\u015b&nbsp;inn\u0105 modlitw\u0119 do \u015awi\u0119tego J\u00f3zefa, przypisan\u0105 jako w\u0142asna w r\u00f3\u017cnych tradycjach liturgicznych, w intencji Ko\u015bcio\u0142a prze\u015bladowanego od wewn\u0105trz i od zewn\u0105trz oraz w intencji ul\u017cenia wszystkim chrze\u015bcijanom, kt\u00f3rzy cierpi\u0105 prze\u015bladowania wszelkiego rodzaju.<\/p>\n\n\n\n<p>Ponadto, celem potwierdzenia powszechno\u015bci patronatu \u015awi\u0119tego J\u00f3zefa w Ko\u015bciele, poza wspomnianymi wy\u017cej okoliczno\u015bciami, Penitencjaria Apostolska udziela odpustu zupe\u0142nego wiernym, kt\u00f3rzy odm\u00f3wi\u0105 dowoln\u0105 prawnie zatwierdzon\u0105 modlitw\u0119 lub akt pobo\u017cno\u015bci na cze\u015b\u0107 \u015awi\u0119tego J\u00f3zefa, np. \u201eDo Ciebie, \u015awi\u0119ty J\u00f3zefie\u201d, szczeg\u00f3lnie w dniach 19 marca i 1 maja, w \u015awi\u0119to \u015awi\u0119tej Rodziny Jezusa, Maryi i J\u00f3zefa, w Niedziel\u0119 \u015awi\u0119tego J\u00f3zefa (w tradycji bizantyjskiej), 19 dnia ka\u017cdego miesi\u0105ca i w ka\u017cd\u0105 \u015brod\u0119, b\u0119d\u0105c\u0105 dniem po\u015bwi\u0119conym wspomnieniu tego \u015awi\u0119tego w tradycji \u0142aci\u0144skiej.<\/p>\n\n\n\n<p>W obecnej sytuacji publicznego zagro\u017cenia zdrowia, rozszerza si\u0119 dar odpustu zupe\u0142nego w spos\u00f3b szczeg\u00f3lny na osoby w podesz\u0142ym wieku, na chorych, umieraj\u0105cych i wszystkich tych, kt\u00f3rzy z usprawiedliwionych racji nie mog\u0105 wyj\u015b\u0107 z domu, a kt\u00f3rzy odrywaj\u0105c si\u0119 w duchu od wszelkiego grzechu oraz z intencj\u0105 wype\u0142nienia, gdy tylko to b\u0119dzie mo\u017cliwe, zwyk\u0142ych warunk\u00f3w, odm\u00f3wi\u0105 w domu lub tam, gdzie zatrzymuje ich przeszkoda, akt pobo\u017cno\u015bci na cze\u015b\u0107 \u015awi\u0119tego J\u00f3zefa, pocieszyciela chorych i Patrona Dobrej \u015amierci, ofiaruj\u0105c z ufno\u015bci\u0105 Bogu bole\u015bci i niedogodno\u015bci w\u0142asnego \u017cycia.<\/p>\n\n\n\n<p>Por. Dekret Penitencjarii Apostolskiej, z 8 grudnia 2020.<\/p>\n\r\n","protected":false},"excerpt":{"rendered":"<p>Z okazji Roku Jubileuszowego na cze\u015b\u0107 \u015awi\u0119tego J\u00f3zefa, od 8 grudnia 2020 do 8 grudnia 2021 r., zarz\u0105dzonego przez Ojca \u015awi\u0119tego Franciszka dla uczczenia 150. rocznicy og\u0142oszenia \u015bw. J\u00f3zefa Patronem Ko\u015bcio\u0142a Katolickiego Penitencjaria Apostolska udziela daru specjalnych odpust\u00f3w. Udziela si\u0119 Odpustu zupe\u0142nego pod zwyk\u0142ymi warunkami (tzn. sakramentalna spowied\u017a, Komunia eucharystyczna oraz modlitwa zgodna z intencjami Ojca \u015awi\u0119tego) wiernym, kt\u00f3rzy odrywaj\u0105c &hellip; <\/p>\n","protected":false},"author":1,"featured_media":2009,"comment_status":"closed","ping_status":"closed","sticky":false,"template":"","format":"standard","meta":{"footnotes":""},"categories":[1],"tags":[],"class_list":["post-2007","post","type-post","status-publish","format-standard","has-post-thumbnail","hentry","category-newsy"],"_links":{"self":[{"href":"https:\/\/www.dks.rzeszow.pl\/index.php\/wp-json\/wp\/v2\/posts\/2007","targetHints":{"allow":["GET"]}}],"collection":[{"href":"https:\/\/www.dks.rzeszow.pl\/index.php\/wp-json\/wp\/v2\/posts"}],"about":[{"href":"https:\/\/www.dks.rzeszow.pl\/index.php\/wp-json\/wp\/v2\/types\/post"}],"author":[{"embeddable":true,"href":"https:\/\/www.dks.rzeszow.pl\/index.php\/wp-json\/wp\/v2\/users\/1"}],"replies":[{"embeddable":true,"href":"https:\/\/www.dks.rzeszow.pl\/index.php\/wp-json\/wp\/v2\/comments?post=2007"}],"version-history":[{"count":4,"href":"https:\/\/www.dks.rzeszow.pl\/index.php\/wp-json\/wp\/v2\/posts\/2007\/revisions"}],"predecessor-version":[{"id":4403,"href":"https:\/\/www.dks.rzeszow.pl\/index.php\/wp-json\/wp\/v2\/posts\/2007\/revisions\/4403"}],"wp:featuredmedia":[{"embeddable":true,"href":"https:\/\/www.dks.rzeszow.pl\/index.php\/wp-json\/wp\/v2\/media\/2009"}],"wp:attachment":[{"href":"https:\/\/www.dks.rzeszow.pl\/index.php\/wp-json\/wp\/v2\/media?parent=2007"}],"wp:term":[{"taxonomy":"category","embeddable":true,"href":"https:\/\/www.dks.rzeszow.pl\/index.php\/wp-json\/wp\/v2\/categories?post=2007"},{"taxonomy":"post_tag","embeddable":true,"href":"https:\/\/www.dks.rzeszow.pl\/index.php\/wp-json\/wp\/v2\/tags?post=2007"}],"curies":[{"name":"wp","href":"https:\/\/api.w.org\/{rel}","templated":true}]}}