{"id":1946,"date":"2020-11-16T14:11:17","date_gmt":"2020-11-16T13:11:17","guid":{"rendered":"https:\/\/www.dks.rzeszow.pl\/?p=1946"},"modified":"2024-09-18T11:51:20","modified_gmt":"2024-09-18T09:51:20","slug":"zmarl-sp-ks-kan-kazimierz-brzyski","status":"publish","type":"post","link":"https:\/\/www.dks.rzeszow.pl\/index.php\/2020\/11\/16\/zmarl-sp-ks-kan-kazimierz-brzyski\/","title":{"rendered":"Zmar\u0142 \u015bp. ks. kan. Kazimierz Brzyski"},"content":{"rendered":"\n<p>W dniu <strong>14 listopada 2020 r<\/strong>. w wieku 73 lat, maj\u0105c 49 lat kap\u0142a\u0144stwa, zmar\u0142 <strong>\u015bp. Ksi\u0105dz Kanonik Kazimierz Brzyski<\/strong>, emerytowany proboszcz parafii pw. \u015bw. Wawrzy\u0144ca w Warzycach i dotychczasowy kapelan SS. Wizytek w Ja\u015ble. <strong>Uroczysto\u015bci pogrzebowe odb\u0119d\u0105 si\u0119 we wtorek, 17 listopada br. o godz. 11 w parafii Warzyce.<\/strong><\/p>\n\n\n\n<p>Dobry Jezu, a nasz Panie, daj Mu wieczne spoczywanie\u2026<\/p>\n\n\n\n<p><strong>Ksi\u0105dz Kanonik Kazimierz Brzyski<\/strong>, urodzi\u0142 si\u0119 16 lutego 1947 r. w Cieplicach jako syn Andrzeja i Marii Buniowskiej. Egzamin dojrza\u0142o\u015bci z\u0142o\u017cy\u0142 w 1964 r. po uko\u0144czeniu Liceum Og\u00f3lnokszta\u0142c\u0105cego we Wroc\u0142awiu. W tym samym roku wst\u0105pi\u0142 do Wy\u017cszego Seminarium Duchownego w Przemy\u015blu. \u015awi\u0119cenia kap\u0142a\u0144skie przyj\u0105\u0142 w kolegiacie jaros\u0142awskiej z r\u0105k biskupa Tadeusza B\u0142aszkiewicza w dniu 5 czerwca 1971 r.<\/p>\n\n\n\n<p>Po \u015bwi\u0119ceniach pe\u0142ni\u0142 nast\u0119puj\u0105ce pos\u0142ugi:<\/p>\n\n\n\n<p>06.07.1971 \u2013 13.07.1973: wikariusz w parafii Medynia G\u0142ogowska<\/p>\n\n\n\n<p>14.07.1973 \u2013 22.06.1974: wikariusz w parafii Lutcza<\/p>\n\n\n\n<p>23.06.1974 \u2013 30.06.1978: wikariusz w parafii farnej w Jaros\u0142awiu<\/p>\n\n\n\n<p>01.08.1978 \u2013 30.06.1981: wikariusz w parafii farnej w Kro\u015bnie<\/p>\n\n\n\n<p>01.07.1981 \u2013 30.06.1983: wikariusz w parafii \u0141\u0105czki Jagiello\u0144skie<\/p>\n\n\n\n<p>01.07.1983 \u2013 23.08.2003: proboszcz parafii \u0141\u0119ki Strzy\u017cowskie<\/p>\n\n\n\n<p>24.08.2003 \u2013 25.08.2017: proboszcz parafii Warzyce<\/p>\n\n\n\n<p>26.08.2017 \u2013 14.11.2020: kapelan SS. Wizytek w Ja\u015ble<\/p>\n\n\n\n<p>Ks. Kazimierz Brzyski pe\u0142ni\u0142 tak\u017ce wa\u017cne funkcje diecezjalne \u2013 by\u0142 cz\u0142onkiem Rady Kap\u0142a\u0144skiej oraz Diecezjalnej Rady Duszpasterskiej. Za swoj\u0105 gorliw\u0105 prac\u0119 duszpastersk\u0105 zosta\u0142 odznaczony nast\u0119puj\u0105cymi godno\u015bciami ko\u015bcielnymi: w 1992 &#8211; <em>Expositorium Canonicale<\/em>, a w 1993 r. otrzyma\u0142 przywilej noszenia Rokiety i Mantoletu.<\/p>\n\r\n","protected":false},"excerpt":{"rendered":"<p>W dniu 14 listopada 2020 r. w wieku 73 lat, maj\u0105c 49 lat kap\u0142a\u0144stwa, zmar\u0142 \u015bp. Ksi\u0105dz Kanonik Kazimierz Brzyski, emerytowany proboszcz parafii pw. \u015bw. Wawrzy\u0144ca w Warzycach i dotychczasowy kapelan SS. Wizytek w Ja\u015ble. Uroczysto\u015bci pogrzebowe odb\u0119d\u0105 si\u0119 we wtorek, 17 listopada br. o godz. 11 w parafii Warzyce. Dobry Jezu, a nasz Panie, daj Mu wieczne spoczywanie\u2026 Ksi\u0105dz &hellip; <\/p>\n","protected":false},"author":1,"featured_media":1920,"comment_status":"closed","ping_status":"closed","sticky":false,"template":"","format":"standard","meta":{"footnotes":""},"categories":[77],"tags":[],"class_list":["post-1946","post","type-post","status-publish","format-standard","has-post-thumbnail","hentry","category-zmarli"],"_links":{"self":[{"href":"https:\/\/www.dks.rzeszow.pl\/index.php\/wp-json\/wp\/v2\/posts\/1946","targetHints":{"allow":["GET"]}}],"collection":[{"href":"https:\/\/www.dks.rzeszow.pl\/index.php\/wp-json\/wp\/v2\/posts"}],"about":[{"href":"https:\/\/www.dks.rzeszow.pl\/index.php\/wp-json\/wp\/v2\/types\/post"}],"author":[{"embeddable":true,"href":"https:\/\/www.dks.rzeszow.pl\/index.php\/wp-json\/wp\/v2\/users\/1"}],"replies":[{"embeddable":true,"href":"https:\/\/www.dks.rzeszow.pl\/index.php\/wp-json\/wp\/v2\/comments?post=1946"}],"version-history":[{"count":2,"href":"https:\/\/www.dks.rzeszow.pl\/index.php\/wp-json\/wp\/v2\/posts\/1946\/revisions"}],"predecessor-version":[{"id":4389,"href":"https:\/\/www.dks.rzeszow.pl\/index.php\/wp-json\/wp\/v2\/posts\/1946\/revisions\/4389"}],"wp:featuredmedia":[{"embeddable":true,"href":"https:\/\/www.dks.rzeszow.pl\/index.php\/wp-json\/wp\/v2\/media\/1920"}],"wp:attachment":[{"href":"https:\/\/www.dks.rzeszow.pl\/index.php\/wp-json\/wp\/v2\/media?parent=1946"}],"wp:term":[{"taxonomy":"category","embeddable":true,"href":"https:\/\/www.dks.rzeszow.pl\/index.php\/wp-json\/wp\/v2\/categories?post=1946"},{"taxonomy":"post_tag","embeddable":true,"href":"https:\/\/www.dks.rzeszow.pl\/index.php\/wp-json\/wp\/v2\/tags?post=1946"}],"curies":[{"name":"wp","href":"https:\/\/api.w.org\/{rel}","templated":true}]}}