{"id":1938,"date":"2020-11-01T11:14:00","date_gmt":"2020-11-01T10:14:00","guid":{"rendered":"https:\/\/www.dks.rzeszow.pl\/?p=1938"},"modified":"2024-09-18T11:51:19","modified_gmt":"2024-09-18T09:51:19","slug":"zmarl-sp-bp-jan-niemiec","status":"publish","type":"post","link":"https:\/\/www.dks.rzeszow.pl\/index.php\/2020\/11\/01\/zmarl-sp-bp-jan-niemiec\/","title":{"rendered":"Zmar\u0142 \u015bp. bp Jan Niemiec"},"content":{"rendered":"\n<p><strong>27 pa\u017adziernika 2020 r. w\u00a0szpitalu w\u00a0\u0141a\u0144cucie, w\u00a0wieku 62 lat, zmar\u0142 bp\u00a0Jan Niemiec, biskup pomocniczy diecezji kamieniecko-podolskiej na\u00a0Ukrainie<\/strong>.\u00a0<strong>Msza \u015bw.\u00a0pogrzebowa odb\u0119dzie si\u0119 w\u00a0\u015brod\u0119, 4 listopada br.\u00a0o\u00a0godz.\u00a011.00 w\u00a0ko\u015bciele parafialnym w\u00a0Dobrzechowie.<\/strong>  <\/p>\n\n\n\n<p><strong>Dzisiaj, tj.&nbsp;3 listopada br.&nbsp;o&nbsp;godz.&nbsp;20:00 z&nbsp;jego domu rodzinnego b\u0119dzie transmitowany r\u00f3\u017caniec&nbsp;na kanale Facebook Fundacji \u201cTROSKA\u201d.<\/strong><\/p>\n\n\n\n<p>Biskup Jan Niemiec jako student Wy\u017cszej Szko\u0142y Pedagogicznej w&nbsp;Rzeszowie i&nbsp;jako wikariusz w&nbsp;Stalowej Woli by\u0142 zaanga\u017cowany w&nbsp;dzia\u0142alno\u015b\u0107 antykomunistyczn\u0105, za&nbsp;co zosta\u0142 odznaczony m.in.&nbsp;Krzy\u017cem Oficerskim Orderu Odrodzenia Polski. W&nbsp;1992 r., pi\u0119\u0107 lat po&nbsp;\u015bwi\u0119ceniach kap\u0142a\u0144skich, wyjecha\u0142 na&nbsp;Ukrain\u0119. W&nbsp;ostatnich latach, jako biskup pomocniczy diecezji kamieniecko-podolskiej, anga\u017cowa\u0142 si\u0119 w&nbsp;wiele inicjatyw duszpasterskich na&nbsp;terenie diecezji rzeszowskiej.<\/p>\n\n\n\n<p>***<\/p>\n\n\n\n<p>Bp&nbsp;Jan Niemiec urodzi\u0142 si\u0119 14 marca 1958 r. w&nbsp;Rzeszowie; pochodzi\u0142 z&nbsp;Koz\u0142\u00f3wka k. Strzy\u017cowa. Studiowa\u0142 w&nbsp;Wy\u017cszej Szkole Pedagogicznej w&nbsp;Rzeszowie. W&nbsp;1980 r. wsp\u00f3\u0142tworzy\u0142 na&nbsp;uczelni Niezale\u017cne Zrzeszenie Student\u00f3w. W&nbsp;czasie studi\u00f3w uczestniczy\u0142 w&nbsp;spotkaniach Duszpasterstwa Akademickiego \u201eWieczernik\u201d. Po&nbsp;studiach wst\u0105pi\u0142 do&nbsp;Seminarium Duchownego w&nbsp;Przemy\u015blu. 24 czerwca 1987 r. w&nbsp;Przemy\u015blu przyj\u0105\u0142 \u015bwi\u0119cenia kap\u0142a\u0144skie. Jako wikariusz pracowa\u0142 w&nbsp;parafii Matki Bo\u017cej Kr\u00f3lowej Polski w&nbsp;Stalowej Woli, gdzie wspiera\u0142 strajkuj\u0105cych o&nbsp;przywr\u00f3cenie dzia\u0142alno\u015bci NSZZ \u201eSolidarno\u015b\u0107\u201d pracownik\u00f3w Huty Stalowa Wola. W&nbsp;tym okresie by\u0142 inwigilowany i&nbsp;represjonowany. W&nbsp;1989 r. rozpocz\u0105\u0142 studia doktoranckie na&nbsp;Katolickim Uniwersytecie Lubelskim (doktorat obroni\u0142 w&nbsp;1998 r. w&nbsp;Instytucie Historii PAN). W&nbsp;1992 r. wyjecha\u0142 na&nbsp;Ukrain\u0119, gdzie zosta\u0142 wyk\u0142adowc\u0105 w&nbsp;Seminarium Duchownym w&nbsp;Gr\u00f3dku Podolskim, a&nbsp;w&nbsp;2001 r. \u2013 rektorem tej&nbsp;plac\u00f3wki. 21 pa\u017adziernika 2006 r. zosta\u0142 mianowany biskupem pomocniczym diecezji kamieniecko-podolskiej \u2013 8 grudnia r. 2006 r. w&nbsp;Kamie\u0144cu Podolskim przyj\u0105\u0142 \u015bwi\u0119cenia biskupie. W&nbsp;2011 r. przekaza\u0142 rodzinny dom w&nbsp;Koz\u0142\u00f3wku Fundacji na&nbsp;Rzecz Wszechstronnego Rozwoju Dzieci i&nbsp;M\u0142odzie\u017cy \u201eTroska\u201d. W&nbsp;2009 r. zosta\u0142 odznaczony Krzy\u017cem Oficerskim Orderu Odrodzenia Polski; w&nbsp;2015 r. \u2013 nagrod\u0105 \u201e\u015awiadek Historii\u201d; w&nbsp;2018 r. \u2013 Krzy\u017cem Wolno\u015bci i&nbsp;Solidarno\u015bci; w&nbsp;2019 r. \u2013 medalem Stulecia Odzyskanej Niepodleg\u0142o\u015bci. Zmar\u0142 27 pa\u017adziernika 2020 r. w&nbsp;szpitalu w&nbsp;\u0141a\u0144cucie. (tn)<\/p>\n\n\n\n<p><\/p>\n\r\n","protected":false},"excerpt":{"rendered":"<p>27 pa\u017adziernika 2020 r. w\u00a0szpitalu w\u00a0\u0141a\u0144cucie, w\u00a0wieku 62 lat, zmar\u0142 bp\u00a0Jan Niemiec, biskup pomocniczy diecezji kamieniecko-podolskiej na\u00a0Ukrainie.\u00a0Msza \u015bw.\u00a0pogrzebowa odb\u0119dzie si\u0119 w\u00a0\u015brod\u0119, 4 listopada br.\u00a0o\u00a0godz.\u00a011.00 w\u00a0ko\u015bciele parafialnym w\u00a0Dobrzechowie. Dzisiaj, tj.&nbsp;3 listopada br.&nbsp;o&nbsp;godz.&nbsp;20:00 z&nbsp;jego domu rodzinnego b\u0119dzie transmitowany r\u00f3\u017caniec&nbsp;na kanale Facebook Fundacji \u201cTROSKA\u201d. Biskup Jan Niemiec jako student Wy\u017cszej Szko\u0142y Pedagogicznej w&nbsp;Rzeszowie i&nbsp;jako wikariusz w&nbsp;Stalowej Woli by\u0142 zaanga\u017cowany w&nbsp;dzia\u0142alno\u015b\u0107 antykomunistyczn\u0105, za&nbsp;co zosta\u0142 &hellip; <\/p>\n","protected":false},"author":1,"featured_media":1920,"comment_status":"closed","ping_status":"closed","sticky":false,"template":"","format":"standard","meta":{"footnotes":""},"categories":[1],"tags":[],"class_list":["post-1938","post","type-post","status-publish","format-standard","has-post-thumbnail","hentry","category-newsy"],"_links":{"self":[{"href":"https:\/\/www.dks.rzeszow.pl\/index.php\/wp-json\/wp\/v2\/posts\/1938","targetHints":{"allow":["GET"]}}],"collection":[{"href":"https:\/\/www.dks.rzeszow.pl\/index.php\/wp-json\/wp\/v2\/posts"}],"about":[{"href":"https:\/\/www.dks.rzeszow.pl\/index.php\/wp-json\/wp\/v2\/types\/post"}],"author":[{"embeddable":true,"href":"https:\/\/www.dks.rzeszow.pl\/index.php\/wp-json\/wp\/v2\/users\/1"}],"replies":[{"embeddable":true,"href":"https:\/\/www.dks.rzeszow.pl\/index.php\/wp-json\/wp\/v2\/comments?post=1938"}],"version-history":[{"count":2,"href":"https:\/\/www.dks.rzeszow.pl\/index.php\/wp-json\/wp\/v2\/posts\/1938\/revisions"}],"predecessor-version":[{"id":4385,"href":"https:\/\/www.dks.rzeszow.pl\/index.php\/wp-json\/wp\/v2\/posts\/1938\/revisions\/4385"}],"wp:featuredmedia":[{"embeddable":true,"href":"https:\/\/www.dks.rzeszow.pl\/index.php\/wp-json\/wp\/v2\/media\/1920"}],"wp:attachment":[{"href":"https:\/\/www.dks.rzeszow.pl\/index.php\/wp-json\/wp\/v2\/media?parent=1938"}],"wp:term":[{"taxonomy":"category","embeddable":true,"href":"https:\/\/www.dks.rzeszow.pl\/index.php\/wp-json\/wp\/v2\/categories?post=1938"},{"taxonomy":"post_tag","embeddable":true,"href":"https:\/\/www.dks.rzeszow.pl\/index.php\/wp-json\/wp\/v2\/tags?post=1938"}],"curies":[{"name":"wp","href":"https:\/\/api.w.org\/{rel}","templated":true}]}}