{"id":1832,"date":"2020-07-14T09:32:00","date_gmt":"2020-07-14T07:32:00","guid":{"rendered":"https:\/\/www.dks.rzeszow.pl\/?p=1832"},"modified":"2024-09-18T11:51:16","modified_gmt":"2024-09-18T09:51:16","slug":"ksieza-emeryci-z-dks-w-muzeum-w-markowej","status":"publish","type":"post","link":"https:\/\/www.dks.rzeszow.pl\/index.php\/2020\/07\/14\/ksieza-emeryci-z-dks-w-muzeum-w-markowej\/","title":{"rendered":"Ksi\u0119\u017ca emeryci z DKS w Muzeum w Markowej"},"content":{"rendered":"\n<p>14 lipca 2020 r. przedstawiciele Domu Ksi\u0119\u017cy Senior\u00f3w w Rzeszowie odwiedzili Muzeum Polak\u00f3w Ratuj\u0105cych \u017byd\u00f3w podczas II wojny \u015bwiatowej<br>im. Rodziny Ulm\u00f3w w Markowej.<\/p>\n\n\n\n<p>Idea utworzenia w Markowej Muzeum Polak\u00f3w Ratuj\u0105cych \u017byd\u00f3w podczas II wojny \u015bwiatowej im. Rodziny Ulm\u00f3w pojawi\u0142a si\u0119 pod koniec 2007 r. W 2008 r. Sejmik Wojew\u00f3dztwa Podkarpackiego podj\u0105\u0142 decyzj\u0119 o powstaniu plac\u00f3wki. Budowa,  prowadzona przez firm\u0119 Skanska S.A., trwa\u0142a od pa\u017adziernika 2013 do pa\u017adziernika 2015 r. Muzeum zosta\u0142o otwarte 17 marca 2016 r.<\/p>\n\n\n\n<p>Podstawowym celem Muzeum jest pokazanie bohaterskich postaw Polak\u00f3w, kt\u00f3rzy w czasie okupacji niemieckiej pomagali \u017bydom, ryzykuj\u0105c \u017cycie swoje i swoich rodzin, czego przyk\u0142adem  by\u0142a rodzina Ulm\u00f3w z Markowej<\/p>\n\n\n\n<p>Podczas okupacji niemieckiej Ulmowie dali schronienie o\u015bmiorgu \u017bydom: Saulowi Goldmanowi i jego czterem synom, dw\u00f3m c\u00f3rkom oraz wnuczce.  Po doniesieniu,  rankiem 24 marca 1944 r. przed ich dom przyby\u0142o pi\u0119ciu niemieckich \u017candarm\u00f3w oraz kilku granatowych policjant\u00f3w. Dowodzi\u0142 nimi por. Eilert Dieken. Najpierw zamordowano \u017byd\u00f3w, potem J\u00f3zefa i Wiktori\u0119 (b\u0119d\u0105c\u0105 w si\u00f3dmym miesi\u0105cu ci\u0105\u017cy), nast\u0119pnie zabito wszystkie dzieci.<br>W 1995 r. Wiktoria i J\u00f3zef Ulmowie zostali uhonorowani po\u015bmiertnie tytu\u0142em Sprawiedliwy w\u015br\u00f3d Narod\u00f3w \u015awiata, a w 2010 r. prezydent RP Lech Kaczy\u0144ski odznaczy\u0142 ich Krzy\u017cem Komandorskim Orderu Odrodzenia Polski. W 2003 r. w diecezji przemyskiej rozpocz\u0105\u0142 si\u0119 proces beatyfikacyjny rodziny Ulm\u00f3w, kt\u00f3ry obecnie toczy si\u0119 w Watykanie.<\/p>\n\n\n\n<p>Dla zwiedzaj\u0105cych Muzeum kap\u0142an\u00f3w by\u0142o to wielkie prze\u017cycie. Na zewn\u0105trz budynku oraz w jego wn\u0119trzu mo\u017cna pozna\u0107 wiele szczeg\u00f3\u0142\u00f3w dotycz\u0105cych ratowania \u017byd\u00f3w przez Polak\u00f3w oraz zobaczy\u0107  liczne pami\u0105tki z domu Ulm\u00f3w.   Wiele ciekawych informacji zwiedzaj\u0105cym kap\u0142anom przekaza\u0142 pracownik Muzeum Jerzy Ulma, bratanek J\u00f3zefa Ulmy.<\/p>\n\n\n\n<p>Por\u00f3wnaj i zobacz wi\u0119cej szczeg\u00f3\u0142\u00f3w na stronie Muzeum: https:\/\/muzeumulmow.pl\/pl\/muzeum\/o-muzeum\/<\/p>\n\n\n\n<figure class=\"wp-block-gallery columns-3 is-cropped wp-block-gallery-1 is-layout-flex wp-block-gallery-is-layout-flex\"><ul class=\"blocks-gallery-grid\"><li class=\"blocks-gallery-item\"><figure><img loading=\"lazy\" decoding=\"async\" width=\"800\" height=\"450\" src=\"https:\/\/www.dks.rzeszow.pl\/wp-content\/uploads\/2020\/07\/20200714_145940.jpg\" alt=\"\" data-id=\"1834\" data-full-url=\"https:\/\/www.dks.rzeszow.pl\/wp-content\/uploads\/2020\/07\/20200714_145940.jpg\" data-link=\"https:\/\/www.dks.rzeszow.pl\/?attachment_id=1834\" class=\"wp-image-1834\" srcset=\"https:\/\/www.dks.rzeszow.pl\/wp-content\/uploads\/2020\/07\/20200714_145940.jpg 800w, https:\/\/www.dks.rzeszow.pl\/wp-content\/uploads\/2020\/07\/20200714_145940-300x169.jpg 300w, https:\/\/www.dks.rzeszow.pl\/wp-content\/uploads\/2020\/07\/20200714_145940-768x432.jpg 768w\" sizes=\"auto, (max-width: 800px) 100vw, 800px\" \/><\/figure><\/li><li class=\"blocks-gallery-item\"><figure><img loading=\"lazy\" decoding=\"async\" width=\"800\" height=\"450\" src=\"https:\/\/www.dks.rzeszow.pl\/wp-content\/uploads\/2020\/07\/20200714_150001.jpg\" alt=\"\" data-id=\"1835\" data-full-url=\"https:\/\/www.dks.rzeszow.pl\/wp-content\/uploads\/2020\/07\/20200714_150001.jpg\" data-link=\"https:\/\/www.dks.rzeszow.pl\/?attachment_id=1835\" class=\"wp-image-1835\" srcset=\"https:\/\/www.dks.rzeszow.pl\/wp-content\/uploads\/2020\/07\/20200714_150001.jpg 800w, https:\/\/www.dks.rzeszow.pl\/wp-content\/uploads\/2020\/07\/20200714_150001-300x169.jpg 300w, https:\/\/www.dks.rzeszow.pl\/wp-content\/uploads\/2020\/07\/20200714_150001-768x432.jpg 768w\" sizes=\"auto, (max-width: 800px) 100vw, 800px\" \/><\/figure><\/li><li class=\"blocks-gallery-item\"><figure><img loading=\"lazy\" decoding=\"async\" width=\"800\" height=\"450\" src=\"https:\/\/www.dks.rzeszow.pl\/wp-content\/uploads\/2020\/07\/20200714_150442.jpg\" alt=\"\" data-id=\"1836\" data-full-url=\"https:\/\/www.dks.rzeszow.pl\/wp-content\/uploads\/2020\/07\/20200714_150442.jpg\" data-link=\"https:\/\/www.dks.rzeszow.pl\/?attachment_id=1836\" class=\"wp-image-1836\" srcset=\"https:\/\/www.dks.rzeszow.pl\/wp-content\/uploads\/2020\/07\/20200714_150442.jpg 800w, https:\/\/www.dks.rzeszow.pl\/wp-content\/uploads\/2020\/07\/20200714_150442-300x169.jpg 300w, https:\/\/www.dks.rzeszow.pl\/wp-content\/uploads\/2020\/07\/20200714_150442-768x432.jpg 768w\" sizes=\"auto, (max-width: 800px) 100vw, 800px\" \/><\/figure><\/li><li class=\"blocks-gallery-item\"><figure><img loading=\"lazy\" decoding=\"async\" width=\"338\" height=\"600\" src=\"https:\/\/www.dks.rzeszow.pl\/wp-content\/uploads\/2020\/07\/20200714_150622.jpg\" alt=\"\" data-id=\"1837\" data-full-url=\"https:\/\/www.dks.rzeszow.pl\/wp-content\/uploads\/2020\/07\/20200714_150622.jpg\" data-link=\"https:\/\/www.dks.rzeszow.pl\/?attachment_id=1837\" class=\"wp-image-1837\" srcset=\"https:\/\/www.dks.rzeszow.pl\/wp-content\/uploads\/2020\/07\/20200714_150622.jpg 338w, https:\/\/www.dks.rzeszow.pl\/wp-content\/uploads\/2020\/07\/20200714_150622-169x300.jpg 169w\" sizes=\"auto, (max-width: 338px) 100vw, 338px\" \/><\/figure><\/li><li class=\"blocks-gallery-item\"><figure><img loading=\"lazy\" decoding=\"async\" width=\"338\" height=\"600\" src=\"https:\/\/www.dks.rzeszow.pl\/wp-content\/uploads\/2020\/07\/20200714_150639.jpg\" alt=\"\" data-id=\"1838\" data-full-url=\"https:\/\/www.dks.rzeszow.pl\/wp-content\/uploads\/2020\/07\/20200714_150639.jpg\" data-link=\"https:\/\/www.dks.rzeszow.pl\/?attachment_id=1838\" class=\"wp-image-1838\" srcset=\"https:\/\/www.dks.rzeszow.pl\/wp-content\/uploads\/2020\/07\/20200714_150639.jpg 338w, https:\/\/www.dks.rzeszow.pl\/wp-content\/uploads\/2020\/07\/20200714_150639-169x300.jpg 169w\" sizes=\"auto, (max-width: 338px) 100vw, 338px\" \/><\/figure><\/li><li class=\"blocks-gallery-item\"><figure><img loading=\"lazy\" decoding=\"async\" width=\"800\" height=\"450\" src=\"https:\/\/www.dks.rzeszow.pl\/wp-content\/uploads\/2020\/07\/20200714_150912.jpg\" alt=\"\" data-id=\"1839\" data-full-url=\"https:\/\/www.dks.rzeszow.pl\/wp-content\/uploads\/2020\/07\/20200714_150912.jpg\" data-link=\"https:\/\/www.dks.rzeszow.pl\/?attachment_id=1839\" class=\"wp-image-1839\" srcset=\"https:\/\/www.dks.rzeszow.pl\/wp-content\/uploads\/2020\/07\/20200714_150912.jpg 800w, https:\/\/www.dks.rzeszow.pl\/wp-content\/uploads\/2020\/07\/20200714_150912-300x169.jpg 300w, https:\/\/www.dks.rzeszow.pl\/wp-content\/uploads\/2020\/07\/20200714_150912-768x432.jpg 768w\" sizes=\"auto, (max-width: 800px) 100vw, 800px\" \/><\/figure><\/li><li class=\"blocks-gallery-item\"><figure><img loading=\"lazy\" decoding=\"async\" width=\"800\" height=\"450\" src=\"https:\/\/www.dks.rzeszow.pl\/wp-content\/uploads\/2020\/07\/20200714_150924.jpg\" alt=\"\" data-id=\"1840\" data-full-url=\"https:\/\/www.dks.rzeszow.pl\/wp-content\/uploads\/2020\/07\/20200714_150924.jpg\" data-link=\"https:\/\/www.dks.rzeszow.pl\/?attachment_id=1840\" class=\"wp-image-1840\" srcset=\"https:\/\/www.dks.rzeszow.pl\/wp-content\/uploads\/2020\/07\/20200714_150924.jpg 800w, https:\/\/www.dks.rzeszow.pl\/wp-content\/uploads\/2020\/07\/20200714_150924-300x169.jpg 300w, https:\/\/www.dks.rzeszow.pl\/wp-content\/uploads\/2020\/07\/20200714_150924-768x432.jpg 768w\" sizes=\"auto, (max-width: 800px) 100vw, 800px\" \/><\/figure><\/li><li class=\"blocks-gallery-item\"><figure><img loading=\"lazy\" decoding=\"async\" width=\"338\" height=\"600\" src=\"https:\/\/www.dks.rzeszow.pl\/wp-content\/uploads\/2020\/07\/20200714_152903.jpg\" alt=\"\" data-id=\"1841\" data-full-url=\"https:\/\/www.dks.rzeszow.pl\/wp-content\/uploads\/2020\/07\/20200714_152903.jpg\" data-link=\"https:\/\/www.dks.rzeszow.pl\/?attachment_id=1841\" class=\"wp-image-1841\" srcset=\"https:\/\/www.dks.rzeszow.pl\/wp-content\/uploads\/2020\/07\/20200714_152903.jpg 338w, https:\/\/www.dks.rzeszow.pl\/wp-content\/uploads\/2020\/07\/20200714_152903-169x300.jpg 169w\" sizes=\"auto, (max-width: 338px) 100vw, 338px\" \/><\/figure><\/li><li class=\"blocks-gallery-item\"><figure><img loading=\"lazy\" decoding=\"async\" width=\"338\" height=\"600\" src=\"https:\/\/www.dks.rzeszow.pl\/wp-content\/uploads\/2020\/07\/20200714_152944.jpg\" alt=\"\" data-id=\"1842\" data-full-url=\"https:\/\/www.dks.rzeszow.pl\/wp-content\/uploads\/2020\/07\/20200714_152944.jpg\" data-link=\"https:\/\/www.dks.rzeszow.pl\/?attachment_id=1842\" class=\"wp-image-1842\" srcset=\"https:\/\/www.dks.rzeszow.pl\/wp-content\/uploads\/2020\/07\/20200714_152944.jpg 338w, https:\/\/www.dks.rzeszow.pl\/wp-content\/uploads\/2020\/07\/20200714_152944-169x300.jpg 169w\" sizes=\"auto, (max-width: 338px) 100vw, 338px\" \/><\/figure><\/li><li class=\"blocks-gallery-item\"><figure><img loading=\"lazy\" decoding=\"async\" width=\"338\" height=\"600\" src=\"https:\/\/www.dks.rzeszow.pl\/wp-content\/uploads\/2020\/07\/20200714_152956.jpg\" alt=\"\" data-id=\"1843\" data-full-url=\"https:\/\/www.dks.rzeszow.pl\/wp-content\/uploads\/2020\/07\/20200714_152956.jpg\" data-link=\"https:\/\/www.dks.rzeszow.pl\/?attachment_id=1843\" class=\"wp-image-1843\" srcset=\"https:\/\/www.dks.rzeszow.pl\/wp-content\/uploads\/2020\/07\/20200714_152956.jpg 338w, https:\/\/www.dks.rzeszow.pl\/wp-content\/uploads\/2020\/07\/20200714_152956-169x300.jpg 169w\" sizes=\"auto, (max-width: 338px) 100vw, 338px\" \/><\/figure><\/li><li class=\"blocks-gallery-item\"><figure><img loading=\"lazy\" decoding=\"async\" width=\"338\" height=\"600\" src=\"https:\/\/www.dks.rzeszow.pl\/wp-content\/uploads\/2020\/07\/20200714_153002.jpg\" alt=\"\" data-id=\"1844\" data-full-url=\"https:\/\/www.dks.rzeszow.pl\/wp-content\/uploads\/2020\/07\/20200714_153002.jpg\" data-link=\"https:\/\/www.dks.rzeszow.pl\/?attachment_id=1844\" class=\"wp-image-1844\" srcset=\"https:\/\/www.dks.rzeszow.pl\/wp-content\/uploads\/2020\/07\/20200714_153002.jpg 338w, https:\/\/www.dks.rzeszow.pl\/wp-content\/uploads\/2020\/07\/20200714_153002-169x300.jpg 169w\" sizes=\"auto, (max-width: 338px) 100vw, 338px\" \/><\/figure><\/li><li class=\"blocks-gallery-item\"><figure><img loading=\"lazy\" decoding=\"async\" width=\"338\" height=\"600\" src=\"https:\/\/www.dks.rzeszow.pl\/wp-content\/uploads\/2020\/07\/20200714_153540.jpg\" alt=\"\" data-id=\"1845\" data-full-url=\"https:\/\/www.dks.rzeszow.pl\/wp-content\/uploads\/2020\/07\/20200714_153540.jpg\" data-link=\"https:\/\/www.dks.rzeszow.pl\/?attachment_id=1845\" class=\"wp-image-1845\" srcset=\"https:\/\/www.dks.rzeszow.pl\/wp-content\/uploads\/2020\/07\/20200714_153540.jpg 338w, https:\/\/www.dks.rzeszow.pl\/wp-content\/uploads\/2020\/07\/20200714_153540-169x300.jpg 169w\" sizes=\"auto, (max-width: 338px) 100vw, 338px\" \/><\/figure><\/li><li class=\"blocks-gallery-item\"><figure><img loading=\"lazy\" decoding=\"async\" width=\"338\" height=\"600\" src=\"https:\/\/www.dks.rzeszow.pl\/wp-content\/uploads\/2020\/07\/20200714_153903.jpg\" alt=\"\" data-id=\"1846\" data-full-url=\"https:\/\/www.dks.rzeszow.pl\/wp-content\/uploads\/2020\/07\/20200714_153903.jpg\" data-link=\"https:\/\/www.dks.rzeszow.pl\/?attachment_id=1846\" class=\"wp-image-1846\" srcset=\"https:\/\/www.dks.rzeszow.pl\/wp-content\/uploads\/2020\/07\/20200714_153903.jpg 338w, https:\/\/www.dks.rzeszow.pl\/wp-content\/uploads\/2020\/07\/20200714_153903-169x300.jpg 169w\" sizes=\"auto, (max-width: 338px) 100vw, 338px\" \/><\/figure><\/li><li class=\"blocks-gallery-item\"><figure><img loading=\"lazy\" decoding=\"async\" width=\"800\" height=\"450\" src=\"https:\/\/www.dks.rzeszow.pl\/wp-content\/uploads\/2020\/07\/20200714_154103.jpg\" alt=\"\" data-id=\"1847\" data-full-url=\"https:\/\/www.dks.rzeszow.pl\/wp-content\/uploads\/2020\/07\/20200714_154103.jpg\" data-link=\"https:\/\/www.dks.rzeszow.pl\/?attachment_id=1847\" class=\"wp-image-1847\" srcset=\"https:\/\/www.dks.rzeszow.pl\/wp-content\/uploads\/2020\/07\/20200714_154103.jpg 800w, https:\/\/www.dks.rzeszow.pl\/wp-content\/uploads\/2020\/07\/20200714_154103-300x169.jpg 300w, https:\/\/www.dks.rzeszow.pl\/wp-content\/uploads\/2020\/07\/20200714_154103-768x432.jpg 768w\" sizes=\"auto, (max-width: 800px) 100vw, 800px\" \/><\/figure><\/li><li class=\"blocks-gallery-item\"><figure><img loading=\"lazy\" decoding=\"async\" width=\"800\" height=\"450\" src=\"https:\/\/www.dks.rzeszow.pl\/wp-content\/uploads\/2020\/07\/20200714_154532.jpg\" alt=\"\" data-id=\"1848\" data-full-url=\"https:\/\/www.dks.rzeszow.pl\/wp-content\/uploads\/2020\/07\/20200714_154532.jpg\" data-link=\"https:\/\/www.dks.rzeszow.pl\/?attachment_id=1848\" class=\"wp-image-1848\" srcset=\"https:\/\/www.dks.rzeszow.pl\/wp-content\/uploads\/2020\/07\/20200714_154532.jpg 800w, https:\/\/www.dks.rzeszow.pl\/wp-content\/uploads\/2020\/07\/20200714_154532-300x169.jpg 300w, https:\/\/www.dks.rzeszow.pl\/wp-content\/uploads\/2020\/07\/20200714_154532-768x432.jpg 768w\" sizes=\"auto, (max-width: 800px) 100vw, 800px\" \/><\/figure><\/li><li class=\"blocks-gallery-item\"><figure><img loading=\"lazy\" decoding=\"async\" width=\"800\" height=\"450\" src=\"https:\/\/www.dks.rzeszow.pl\/wp-content\/uploads\/2020\/07\/20200714_154639.jpg\" alt=\"\" data-id=\"1849\" data-full-url=\"https:\/\/www.dks.rzeszow.pl\/wp-content\/uploads\/2020\/07\/20200714_154639.jpg\" data-link=\"https:\/\/www.dks.rzeszow.pl\/?attachment_id=1849\" class=\"wp-image-1849\" srcset=\"https:\/\/www.dks.rzeszow.pl\/wp-content\/uploads\/2020\/07\/20200714_154639.jpg 800w, https:\/\/www.dks.rzeszow.pl\/wp-content\/uploads\/2020\/07\/20200714_154639-300x169.jpg 300w, https:\/\/www.dks.rzeszow.pl\/wp-content\/uploads\/2020\/07\/20200714_154639-768x432.jpg 768w\" sizes=\"auto, (max-width: 800px) 100vw, 800px\" \/><\/figure><\/li><li class=\"blocks-gallery-item\"><figure><img loading=\"lazy\" decoding=\"async\" width=\"338\" height=\"600\" src=\"https:\/\/www.dks.rzeszow.pl\/wp-content\/uploads\/2020\/07\/20200714_154654.jpg\" alt=\"\" data-id=\"1850\" data-full-url=\"https:\/\/www.dks.rzeszow.pl\/wp-content\/uploads\/2020\/07\/20200714_154654.jpg\" data-link=\"https:\/\/www.dks.rzeszow.pl\/?attachment_id=1850\" class=\"wp-image-1850\" srcset=\"https:\/\/www.dks.rzeszow.pl\/wp-content\/uploads\/2020\/07\/20200714_154654.jpg 338w, https:\/\/www.dks.rzeszow.pl\/wp-content\/uploads\/2020\/07\/20200714_154654-169x300.jpg 169w\" sizes=\"auto, (max-width: 338px) 100vw, 338px\" \/><\/figure><\/li><li class=\"blocks-gallery-item\"><figure><img loading=\"lazy\" decoding=\"async\" width=\"800\" height=\"450\" src=\"https:\/\/www.dks.rzeszow.pl\/wp-content\/uploads\/2020\/07\/20200714_154753.jpg\" alt=\"\" data-id=\"1851\" data-full-url=\"https:\/\/www.dks.rzeszow.pl\/wp-content\/uploads\/2020\/07\/20200714_154753.jpg\" data-link=\"https:\/\/www.dks.rzeszow.pl\/?attachment_id=1851\" class=\"wp-image-1851\" srcset=\"https:\/\/www.dks.rzeszow.pl\/wp-content\/uploads\/2020\/07\/20200714_154753.jpg 800w, https:\/\/www.dks.rzeszow.pl\/wp-content\/uploads\/2020\/07\/20200714_154753-300x169.jpg 300w, https:\/\/www.dks.rzeszow.pl\/wp-content\/uploads\/2020\/07\/20200714_154753-768x432.jpg 768w\" sizes=\"auto, (max-width: 800px) 100vw, 800px\" \/><\/figure><\/li><li class=\"blocks-gallery-item\"><figure><img loading=\"lazy\" decoding=\"async\" width=\"800\" height=\"450\" src=\"https:\/\/www.dks.rzeszow.pl\/wp-content\/uploads\/2020\/07\/20200714_154759.jpg\" alt=\"\" data-id=\"1852\" data-full-url=\"https:\/\/www.dks.rzeszow.pl\/wp-content\/uploads\/2020\/07\/20200714_154759.jpg\" data-link=\"https:\/\/www.dks.rzeszow.pl\/?attachment_id=1852\" class=\"wp-image-1852\" srcset=\"https:\/\/www.dks.rzeszow.pl\/wp-content\/uploads\/2020\/07\/20200714_154759.jpg 800w, https:\/\/www.dks.rzeszow.pl\/wp-content\/uploads\/2020\/07\/20200714_154759-300x169.jpg 300w, https:\/\/www.dks.rzeszow.pl\/wp-content\/uploads\/2020\/07\/20200714_154759-768x432.jpg 768w\" sizes=\"auto, (max-width: 800px) 100vw, 800px\" \/><\/figure><\/li><li class=\"blocks-gallery-item\"><figure><img loading=\"lazy\" decoding=\"async\" width=\"800\" height=\"450\" src=\"https:\/\/www.dks.rzeszow.pl\/wp-content\/uploads\/2020\/07\/20200714_155737.jpg\" alt=\"\" data-id=\"1853\" data-full-url=\"https:\/\/www.dks.rzeszow.pl\/wp-content\/uploads\/2020\/07\/20200714_155737.jpg\" data-link=\"https:\/\/www.dks.rzeszow.pl\/?attachment_id=1853\" class=\"wp-image-1853\" srcset=\"https:\/\/www.dks.rzeszow.pl\/wp-content\/uploads\/2020\/07\/20200714_155737.jpg 800w, https:\/\/www.dks.rzeszow.pl\/wp-content\/uploads\/2020\/07\/20200714_155737-300x169.jpg 300w, https:\/\/www.dks.rzeszow.pl\/wp-content\/uploads\/2020\/07\/20200714_155737-768x432.jpg 768w\" sizes=\"auto, (max-width: 800px) 100vw, 800px\" \/><\/figure><\/li><\/ul><\/figure>\n\n\n\n<figure class=\"wp-block-embed-wordpress wp-block-embed is-type-wp-embed is-provider-muzeum-polakow-ratujacych-zydow-podczas-ii-wojny-swiatowej-im-rodziny-ulmow-w-markowej\"><div class=\"wp-block-embed__wrapper\">\nhttps:\/\/muzeumulmow.pl\/pl\/muzeum\/o-muzeum\/\n<\/div><\/figure>\n\n\n\n<figure class=\"wp-block-embed-youtube wp-block-embed is-type-video is-provider-youtube wp-embed-aspect-16-9 wp-has-aspect-ratio\"><div class=\"wp-block-embed__wrapper\">\n<iframe loading=\"lazy\" title=\"Muzeum Polak\u00f3w Ratuj\u0105cych \u017byd\u00f3w, Markowa | Strefa Przestrzeni\" width=\"1080\" height=\"608\" src=\"https:\/\/www.youtube.com\/embed\/WDM2DZufT8A?feature=oembed\" frameborder=\"0\" allow=\"accelerometer; autoplay; clipboard-write; encrypted-media; gyroscope; picture-in-picture\" allowfullscreen><\/iframe>\n<\/div><\/figure>\n\n\n\n<figure class=\"wp-block-embed-youtube wp-block-embed is-type-video is-provider-youtube wp-embed-aspect-16-9 wp-has-aspect-ratio\"><div class=\"wp-block-embed__wrapper\">\n<iframe loading=\"lazy\" title=\"Muzeum Ulm\u00f3w, Markowa, Podkapacie.\" width=\"1080\" height=\"608\" src=\"https:\/\/www.youtube.com\/embed\/cUDJnrShXog?feature=oembed\" frameborder=\"0\" allow=\"accelerometer; autoplay; clipboard-write; encrypted-media; gyroscope; picture-in-picture\" allowfullscreen><\/iframe>\n<\/div><\/figure>\n\n\n\n<p>Ciekawe informacje o rodzinie Ulm\u00f3w przekazuje w wywiadzie dla czasopisma &#8222;W drodze&#8221; bratanek J\u00f3zefa Ulmy &#8211;  Jerzy Ulma:<\/p>\n\n\n\n<figure class=\"wp-block-embed\"><div class=\"wp-block-embed__wrapper\">\nhttp:\/\/www.miesiecznik.wdrodze.pl\/?mod=archiwumtekst&#038;id=15997#.XxKfRSgzaUk\n<\/div><\/figure>\n\r\n","protected":false},"excerpt":{"rendered":"<p>14 lipca 2020 r. przedstawiciele Domu Ksi\u0119\u017cy Senior\u00f3w w Rzeszowie odwiedzili Muzeum Polak\u00f3w Ratuj\u0105cych \u017byd\u00f3w podczas II wojny \u015bwiatowejim. Rodziny Ulm\u00f3w w Markowej. Idea utworzenia w Markowej Muzeum Polak\u00f3w Ratuj\u0105cych \u017byd\u00f3w podczas II wojny \u015bwiatowej im. Rodziny Ulm\u00f3w pojawi\u0142a si\u0119 pod koniec 2007 r. W 2008 r. Sejmik Wojew\u00f3dztwa Podkarpackiego podj\u0105\u0142 decyzj\u0119 o powstaniu plac\u00f3wki. Budowa, prowadzona przez firm\u0119 Skanska &hellip; <\/p>\n","protected":false},"author":1,"featured_media":1853,"comment_status":"closed","ping_status":"closed","sticky":false,"template":"","format":"standard","meta":{"footnotes":""},"categories":[21,1],"tags":[],"class_list":["post-1832","post","type-post","status-publish","format-standard","has-post-thumbnail","hentry","category-galerie2010","category-newsy"],"_links":{"self":[{"href":"https:\/\/www.dks.rzeszow.pl\/index.php\/wp-json\/wp\/v2\/posts\/1832","targetHints":{"allow":["GET"]}}],"collection":[{"href":"https:\/\/www.dks.rzeszow.pl\/index.php\/wp-json\/wp\/v2\/posts"}],"about":[{"href":"https:\/\/www.dks.rzeszow.pl\/index.php\/wp-json\/wp\/v2\/types\/post"}],"author":[{"embeddable":true,"href":"https:\/\/www.dks.rzeszow.pl\/index.php\/wp-json\/wp\/v2\/users\/1"}],"replies":[{"embeddable":true,"href":"https:\/\/www.dks.rzeszow.pl\/index.php\/wp-json\/wp\/v2\/comments?post=1832"}],"version-history":[{"count":2,"href":"https:\/\/www.dks.rzeszow.pl\/index.php\/wp-json\/wp\/v2\/posts\/1832\/revisions"}],"predecessor-version":[{"id":4363,"href":"https:\/\/www.dks.rzeszow.pl\/index.php\/wp-json\/wp\/v2\/posts\/1832\/revisions\/4363"}],"wp:featuredmedia":[{"embeddable":true,"href":"https:\/\/www.dks.rzeszow.pl\/index.php\/wp-json\/wp\/v2\/media\/1853"}],"wp:attachment":[{"href":"https:\/\/www.dks.rzeszow.pl\/index.php\/wp-json\/wp\/v2\/media?parent=1832"}],"wp:term":[{"taxonomy":"category","embeddable":true,"href":"https:\/\/www.dks.rzeszow.pl\/index.php\/wp-json\/wp\/v2\/categories?post=1832"},{"taxonomy":"post_tag","embeddable":true,"href":"https:\/\/www.dks.rzeszow.pl\/index.php\/wp-json\/wp\/v2\/tags?post=1832"}],"curies":[{"name":"wp","href":"https:\/\/api.w.org\/{rel}","templated":true}]}}