{"id":1653,"date":"2016-12-13T10:44:00","date_gmt":"2016-12-13T09:44:00","guid":{"rendered":"https:\/\/www.dks.rzeszow.pl\/?p=1653"},"modified":"2024-09-18T11:51:10","modified_gmt":"2024-09-18T09:51:10","slug":"zeby-polska-byla-polska","status":"publish","type":"post","link":"https:\/\/www.dks.rzeszow.pl\/index.php\/2016\/12\/13\/zeby-polska-byla-polska\/","title":{"rendered":"\u017beby Polska by\u0142a Polsk\u0105"},"content":{"rendered":"\n<p>\u00a0\u00a0 35 rocznica wprowadzenia stanu wojennego, kt\u00f3ry \u2013 powt\u00f3rzmy to raz jeszcze dla przypomnienia m\u0142odym \u2013 zosta\u0142 og\u0142oszony 13 grudnia 1981 roku, powinna sk\u0142ania\u0107 nas, Polak\u00f3w, zar\u00f3wno starszych, pami\u0119taj\u0105cych tamten czas, jak i m\u0142odszych, wychowanych ju\u017c w wolnej Polsce, do pog\u0142\u0119bionej refleksji o Ojczy\u017anie. Pami\u0119tam tamten okres doskonale, by\u0142em m\u0142odym asystentem na Uniwersytecie Jagiello\u0144skim w Krakowie. Rynek krakowski, serce Polski, krakowskie ko\u015bcio\u0142y dodawa\u0142y nam otuchy, wlewa\u0142y w nasze serca nadziej\u0119 i m\u00f3wi\u0142y: nie wszystko stracone, kultura polska jest wielka i zdo\u0142a pokona\u0107 si\u0142y, kt\u00f3re brutaln\u0105 przemoc\u0105 po raz kolejny chc\u0105 ujarzmi\u0107 ten nar\u00f3d. Wielka kultura polska!<\/p>\n\n\n\n<p>&nbsp;Tamten czas kojarzy mi si\u0119 z trzema pie\u015bniami. Tak, z pie\u015bniami, bo \u201ePie\u015b\u0144 ujdzie ca\u0142o\u201d, pie\u015b\u0144 jest pot\u0119\u017cn\u0105 broni\u0105 wsp\u00f3lnoty, pie\u015b\u0144 jest niezwyk\u0142\u0105 ekspresj\u0105 ducha narodu. A zatem trzy pie\u015bni w czasie stanu wojennego powodowa\u0142y poruszenie umys\u0142u i serca, niespotykany przyrost si\u0142y, dumy i godno\u015bci \u015bpiewaj\u0105cych. Pierwsza to wielki hymn \u201eBo\u017ce, co\u015b Polsk\u0119\u201d. Pot\u0119\u017cna modlitwa, aby dobry B\u00f3g wr\u00f3ci\u0142 nam woln\u0105 Ojczyzn\u0119.&nbsp; Pie\u015b\u0144 druga to \u201eMury\u201d Jacka Kaczmarskiego z t\u0105 fraz\u0105 \u201eWyrwij murom z\u0119by krat, zerwij kajdany, po\u0142am bat, a mury run\u0105, run\u0105, run\u0105 i pogrzebi\u0105 stary \u015bwiat\u2026\u201d I mury run\u0119\u0142y. A pie\u015b\u0144 trzecia\u2026 To Jan Pietrzak w utworze \u201e\u017beby Polska by\u0142a Polsk\u0105\u201d znakomicie odda\u0142 w najbardziej prostych s\u0142owach istot\u0119 naszego patriotyzmu, mamy tak \u017cy\u0107 na tej ziemi, tak pracowa\u0107 i walczy\u0107, \u017ceby Polska by\u0142a Polsk\u0105. Teraz zapytajmy, co powoduje, \u017ce Polska jest Polsk\u0105? Odpowied\u017a na to pytanie &nbsp;da nam zarys profilu poj\u0119cia patriotyzm. Najpierw Polska jest Polsk\u0105 przez nasz j\u0119zyk polski. Nasza kochana polszczyzna \u0142\u0105czy wszystkich Polak\u00f3w, \u0142\u0105czy, czy chc\u0105 tego czy nie chc\u0105, &nbsp;polskie s\u0142owa zawieraj\u0105, niczym ogromny skarbiec, ca\u0142o\u015b\u0107 polskich do\u015bwiadcze\u0144, ca\u0142o\u015b\u0107 wytworzonych&nbsp; przez Polak\u00f3w idei, my\u015bli, &nbsp;tekst\u00f3w. Polskie s\u0142owo, literatura pi\u0119kna, teksty religijne, teksty edukacyjne, nakazy moralne, \u201eprzy-kazania\u201d, s\u0142owa Matki i s\u0142owa Ojca, s\u0142owa kap\u0142ana, polski rytua\u0142, zawarty w s\u0142owie obyczaj, i wszystko, co Polsk\u0119 stanowi w polskiej mowie. Musimy o polskie s\u0142owo dba\u0107!<\/p>\n\n\n\n<p>&nbsp;&nbsp; Polska jest Polsk\u0105 przez terytorium, przez nasz\u0105 pi\u0119kn\u0105 ziemi\u0119, na kt\u00f3rej tyle si\u0119 dzia\u0142o od momentu, kiedy osiedli\u0142y si\u0119 tu polskie plemiona. Jak\u017ce nie kocha\u0107 tej ziemi, do kt\u00f3rej wo\u0142amy \u201eT\u0119skno mi , Panie\u201d, je\u015bli znajdziemy si\u0119 na emigracji. I kolejny element polsko\u015bci &#8211; &nbsp;s\u0105 to ogromne rzesze Polak\u00f3w, \u017cyj\u0105cych i zmar\u0142ych. Oni s\u0105 sol\u0105 naszej Ojczyzny, jej najwa\u017cniejsz\u0105 cz\u0119\u015bci\u0105, tw\u00f3rcami polskiej kultury, tej wielkiej i ma\u0142ej, codziennej, duchowej i materialnej, swojskiej, polskiej. W\u0142a\u015bnie przez kultur\u0119, przez ten ogromny zesp\u00f3\u0142 polskich znak\u00f3w kulturowych, powt\u00f3rzmy raz jeszcze duchowych i materialnych, jeste\u015bmy . Stajemy si\u0119 nimi na&nbsp; co dzie\u0144 przez uczestnictwo w polskiej kulturze. Repertuar polskich znak\u00f3w kulturowych jest doprawdy niewyczerpany. Nale\u017cy go tylko dostrzega\u0107 i czerpa\u0107 z niego pe\u0142nymi gar\u015bciami. Dla pojedynczej osoby brakuje \u017cycia, aby to wszystko obj\u0105\u0107. Uczta duchowa zastawiona przez polsk\u0105 kultur\u0119 nale\u017cy do najwi\u0119kszych w Europie. Tysi\u0105ce znak\u00f3w: Bogurodzica, Kazania \u015awi\u0119tokrzyskie, Psa\u0142terz Pu\u0142awski, Psa\u0142terz Dawid\u00f3w, t\u0142umaczenie Pisma \u015bwi\u0119tego ks. Jakuba Wujka, Kazania Sejmowe ks. Piotra Skargi, wiersze Franciszka Karpi\u0144skiego: B\u00f3g si\u0119 rodzi, Kiedy ranne wstaj\u0105 zorze. Wszystkie nasze dzienne sprawy, Godzinki, Gorzkie \u017bale, Nieszpory polskie, dzie\u0142a Norwida, Mickiewicza, S\u0142owackiego, obrazy Matejki, muzyka Szopena i Wieniawskiego, opery Moniuszki, ostatnio pisma Jana Paw\u0142a II, Stefana Wyszy\u0144skiego\u2026 Tysi\u0105ce, setki tysi\u0119cy polskich znak\u00f3w kulturowych. Jeste\u015bmy pot\u0119\u017cn\u0105 kultur\u0105. Ona nam daje poczucie polsko\u015bci. Jej nie wolno nam zatraci\u0107.<\/p>\n\n\n\n<p>&nbsp; I wreszcie Polska jest Polsk\u0105 przez przyj\u0119ty 1050 lat temu chrzest. Nie mo\u017cna Polski i polsko\u015bci zrozumie\u0107 bez Chrystusa.&nbsp; Ko\u015bci\u00f3\u0142 katolicki przez wieki uczy\u0142 i&nbsp; wychowywa\u0142 ten nar\u00f3d, a tak\u017ce by\u0142 od pocz\u0105tk\u00f3w swojej dzia\u0142alno\u015bci spiritus movens kultury polskiej. W ogromnej pracy Ko\u015bcio\u0142a katolickiego w ci\u0105gu d\u0142ugich wiek\u00f3w najwi\u0119kszy udzia\u0142 mieli polscy kap\u0142ani, szeregowi, niestrudzeni pracownicy Winnicy&nbsp; Pa\u0144skiej. To oni wychowywali i przygotowywali do s\u0142u\u017cby narodowi takich gigant\u00f3w ducha, jak Honorat Ko\u017ami\u0144ski, Adam Chmielowski, Szcz\u0119sny Feli\u0144ski, Maksymilian Maria Kolbe,&nbsp; Stefan Wyszy\u0144ski, Karol Wojty\u0142a, Jerzy Popie\u0142uszko i tysi\u0105ce innych. &nbsp;Tak\u017ce &nbsp;dzi\u0119ki kap\u0142anom &nbsp;Polacy stali si\u0119 wielkim narodem o wspania\u0142ej kulturze. A je\u015bli popatrzymy na polskie \u015bwi\u0105tynie, od tych najstarszych sprzed tysi\u0105ca lat, jak \u015bw. Jakub w Sandomierzu, po te najm\u0142odsze, jak \u015bwi\u0105tynia Opatrzno\u015bci w Warszawie, to musimy stwierdzi\u0107: ile\u017c one m\u00f3wi\u0142y o Bogu naszym rodakom! Ile\u017c one m\u00f3wi\u0142y o pracy dla Ojczyzny. Polskie \u015bwi\u0105tynie przez ponad tysi\u0105c lat ci\u0105gle \u017cywe. Ci\u0105gle m\u00f3wi\u0105 o Bogu i o kulturze polskiej. Doprawdy wielka jest kultura polska tak\u017ce w znakach swoich ko\u015bcio\u0142\u00f3w.<\/p>\n\n\n\n<p>&nbsp;&nbsp; Nie mo\u017cemy tego dziedzictwa zatraci\u0107 w ferworze partyjnych walk. Rocznica stanu wojennego niech sk\u0142ania nas do my\u015blenia o Ojczy\u017anie, aby Jej nie zatraci\u0107 w ponowoczesnej kosmopolitycznej, bezideowej, relatywizuj\u0105cej wszystko papce niby post\u0119powej, \u015bwieckiej wsp\u00f3\u0142czesnej Europy. I na koniec, nie wstyd\u017amy si\u0119 m\u00f3wi\u0107 i o Polsce, o polskim narodzie, o naszej kulturze chrze\u015bcija\u0144skiej&nbsp; Zauwa\u017cy\u0142em bowiem, \u017ce w niekt\u00f3rych kr\u0119gach te s\u0142owa s\u0105 na cenzurowanym. Dok\u0142adajmy nawet najmniejsz\u0105 cegie\u0142k\u0119 do zawo\u0142ania <strong>\u017beby Polska by\u0142a Polsk\u0105.<\/strong><\/p>\n\n\n\n<p>Kazimierz O\u017c\u00f3g<\/p>\n\r\n","protected":false},"excerpt":{"rendered":"<p>\u00a0\u00a0 35 rocznica wprowadzenia stanu wojennego, kt\u00f3ry \u2013 powt\u00f3rzmy to raz jeszcze dla przypomnienia m\u0142odym \u2013 zosta\u0142 og\u0142oszony 13 grudnia 1981 roku, powinna sk\u0142ania\u0107 nas, Polak\u00f3w, zar\u00f3wno starszych, pami\u0119taj\u0105cych tamten czas, jak i m\u0142odszych, wychowanych ju\u017c w wolnej Polsce, do pog\u0142\u0119bionej refleksji o Ojczy\u017anie. Pami\u0119tam tamten okres doskonale, by\u0142em m\u0142odym asystentem na Uniwersytecie Jagiello\u0144skim w Krakowie. Rynek krakowski, serce Polski, &hellip; <\/p>\n","protected":false},"author":1,"featured_media":1655,"comment_status":"closed","ping_status":"closed","sticky":false,"template":"","format":"standard","meta":{"footnotes":""},"categories":[31],"tags":[],"class_list":["post-1653","post","type-post","status-publish","format-standard","has-post-thumbnail","hentry","category-artykuly"],"_links":{"self":[{"href":"https:\/\/www.dks.rzeszow.pl\/index.php\/wp-json\/wp\/v2\/posts\/1653","targetHints":{"allow":["GET"]}}],"collection":[{"href":"https:\/\/www.dks.rzeszow.pl\/index.php\/wp-json\/wp\/v2\/posts"}],"about":[{"href":"https:\/\/www.dks.rzeszow.pl\/index.php\/wp-json\/wp\/v2\/types\/post"}],"author":[{"embeddable":true,"href":"https:\/\/www.dks.rzeszow.pl\/index.php\/wp-json\/wp\/v2\/users\/1"}],"replies":[{"embeddable":true,"href":"https:\/\/www.dks.rzeszow.pl\/index.php\/wp-json\/wp\/v2\/comments?post=1653"}],"version-history":[{"count":2,"href":"https:\/\/www.dks.rzeszow.pl\/index.php\/wp-json\/wp\/v2\/posts\/1653\/revisions"}],"predecessor-version":[{"id":4335,"href":"https:\/\/www.dks.rzeszow.pl\/index.php\/wp-json\/wp\/v2\/posts\/1653\/revisions\/4335"}],"wp:featuredmedia":[{"embeddable":true,"href":"https:\/\/www.dks.rzeszow.pl\/index.php\/wp-json\/wp\/v2\/media\/1655"}],"wp:attachment":[{"href":"https:\/\/www.dks.rzeszow.pl\/index.php\/wp-json\/wp\/v2\/media?parent=1653"}],"wp:term":[{"taxonomy":"category","embeddable":true,"href":"https:\/\/www.dks.rzeszow.pl\/index.php\/wp-json\/wp\/v2\/categories?post=1653"},{"taxonomy":"post_tag","embeddable":true,"href":"https:\/\/www.dks.rzeszow.pl\/index.php\/wp-json\/wp\/v2\/tags?post=1653"}],"curies":[{"name":"wp","href":"https:\/\/api.w.org\/{rel}","templated":true}]}}