{"id":135,"date":"2019-02-01T19:58:29","date_gmt":"2019-02-01T18:58:29","guid":{"rendered":"http:\/\/parafie.wsd.rzeszow.pl\/dks\/?p=135"},"modified":"2024-09-18T11:50:32","modified_gmt":"2024-09-18T09:50:32","slug":"ksieza-mieszkajacy-w-dks","status":"publish","type":"post","link":"https:\/\/www.dks.rzeszow.pl\/index.php\/2019\/02\/01\/ksieza-mieszkajacy-w-dks\/","title":{"rendered":"Ksi\u0119\u017ca mieszkaj\u0105cy w DKS"},"content":{"rendered":"\n<p>Fragment dokumentu: &#8222;Status ksi\u0119\u017cy emeryt\u00f3w i rencist\u00f3w w diecezji Rzeszowskiej&#8221;:<\/p>\n\n\n\n<p>Ksi\u0119\u017ca emeryci i renci\u015bci, mimo niepe\u0142nienia ju\u017c urz\u0119d\u00f3w w diecezji, pozostaj\u0105 nadal w spos\u00f3b szczeg\u00f3lny w centrum \u017cycia Ko\u015bcio\u0142a. Ojciec \u015awi\u0119ty Jan Pawe\u0142 II, przypomnia\u0142 o tym w <em>Li\u015bcie do ludzi w podesz\u0142ym wieku<\/em>: \u201e<em>Pami\u0119tam&nbsp;o was, drodzy bracia w kap\u0142a\u0144stwie, kt\u00f3rzy z powodu przekroczenia ustalonej granicy wieku zrzekli\u015bcie si\u0119 ju\u017c bezpo\u015bredniej odpowiedzialno\u015bci pasterskiej. Ko\u015bci\u00f3\u0142 nadal was potrzebuje. Wysoko ceni sobie przys\u0142ugi, jakie nadal jeste\u015bcie gotowi mu oddawa\u0107 w r\u00f3\u017cnych dziedzinach apostolatu, liczy na wasz wk\u0142ad wytrwa\u0142ej modlitwy, oczekuje waszych wywa\u017conych rad&nbsp;i wzbogaca si\u0119 dzi\u0119ki ewangelicznemu \u015bwiadectwu, jakie sk\u0142adacie ka\u017cdego dnia<\/em>\u201d (nr 13).<\/p>\n\n\n\n<p>Kap\u0142ani i wierni diecezji rzeszowskiej, wdzi\u0119czni kap\u0142anom emerytom i rencistom za ich wiern\u0105 s\u0142u\u017cb\u0119 Chrystusowi i Ko\u015bcio\u0142owi, winni okazywa\u0107 im konkretn\u0105 solidarn\u0105 pomoc, kt\u00f3rej potrzebuj\u0105 ze wzgl\u0119du na sw\u0105 sytuacj\u0119, tak w sprawach duchowych, jak i materialnych. (por. PdV 77).<\/p>\n\n\n\n<p>Niekt\u00f3rzy ksi\u0119\u017ca emeryci oraz renci\u015bci, ze wzgl\u0119du na stan zdrowia, mieszkaj\u0105 w Domu Ksi\u0119\u017cy Senior\u00f3w w Diecezji Rzeszowskiej.<\/p>\n\n\n\n<p>Ksi\u0119\u017ca emeryci i renci\u015bci: ks. Kazimierz Bi\u015bto, ks. Tomasz Czelu\u015bniak, ks. Antoni Domino, ks. Stanis\u0142aw G\u0105sior, ks. Jerzy Grudniak, ks. Marian Homa,&nbsp; ks. Stanis\u0142aw Jezierski, ks. Jan Kobylarz, ks. W\u0142adys\u0142aw Ko\u0142odziej, ks. Jan Krzy\u015bko, ks. Jerzy Kurcek, ks. Henryk Markowski, ks. Stanis\u0142aw Mazur, ks. Andrzej Mucha, ks. Roman Niedziela, ks. Stanis\u0142aw Pelczar, ks. Krzysztof Pi\u0119ko\u015b, ks. Krzysztof Rybka, ks. Andrzej Skupie\u0144, ks. Wies\u0142aw Szurek.<\/p>\n\n\n\n<p>Obok nich mieszkaj\u0105 w Domu ksi\u0119\u017ca pracownicy instytucji diecezjalnych &nbsp;i rezydenci. Wszystkich kap\u0142an\u00f3w tutaj przebywaj\u0105cych jest 31.<\/p>\n\n\n\n<p>&nbsp;&nbsp;&nbsp;&nbsp;&nbsp;&nbsp;&nbsp;&nbsp;&nbsp;&nbsp;&nbsp;&nbsp;&nbsp;&nbsp;&nbsp;&nbsp;&nbsp;&nbsp;&nbsp;&nbsp;&nbsp;&nbsp;&nbsp;&nbsp;&nbsp;&nbsp;&nbsp;&nbsp;&nbsp;&nbsp;&nbsp;&nbsp;&nbsp;&nbsp;&nbsp;&nbsp;&nbsp;&nbsp;&nbsp;&nbsp;&nbsp;&nbsp;&nbsp;&nbsp;&nbsp;&nbsp;&nbsp;&nbsp;&nbsp;&nbsp;&nbsp;&nbsp;&nbsp;&nbsp;&nbsp;&nbsp;&nbsp;&nbsp;&nbsp;&nbsp;&nbsp;&nbsp;&nbsp;&nbsp;&nbsp;&nbsp;&nbsp;&nbsp;&nbsp;&nbsp;&nbsp;&nbsp;&nbsp;&nbsp;&nbsp;&nbsp;&nbsp;&nbsp;&nbsp;&nbsp;&nbsp;&nbsp;&nbsp;&nbsp;&nbsp;&nbsp;&nbsp;&nbsp;&nbsp;&nbsp;&nbsp;&nbsp;&nbsp;&nbsp;&nbsp;&nbsp;&nbsp;&nbsp;&nbsp;&nbsp;&nbsp;&nbsp;&nbsp;&nbsp;&nbsp;&nbsp;&nbsp; 1<\/p>\n\n\n\n<p><\/p>\n\r\n","protected":false},"excerpt":{"rendered":"<p>Fragment dokumentu: &#8222;Status ksi\u0119\u017cy emeryt\u00f3w i rencist\u00f3w w diecezji Rzeszowskiej&#8221;: Ksi\u0119\u017ca emeryci i renci\u015bci, mimo niepe\u0142nienia ju\u017c urz\u0119d\u00f3w w diecezji, pozostaj\u0105 nadal w spos\u00f3b szczeg\u00f3lny w centrum \u017cycia Ko\u015bcio\u0142a. Ojciec \u015awi\u0119ty Jan Pawe\u0142 II, przypomnia\u0142 o tym w Li\u015bcie do ludzi w podesz\u0142ym wieku: \u201ePami\u0119tam&nbsp;o was, drodzy bracia w kap\u0142a\u0144stwie, kt\u00f3rzy z powodu przekroczenia ustalonej granicy wieku zrzekli\u015bcie si\u0119 ju\u017c &hellip; <\/p>\n","protected":false},"author":1,"featured_media":239,"comment_status":"open","ping_status":"open","sticky":false,"template":"","format":"standard","meta":{"footnotes":""},"categories":[1],"tags":[],"class_list":["post-135","post","type-post","status-publish","format-standard","has-post-thumbnail","hentry","category-newsy"],"_links":{"self":[{"href":"https:\/\/www.dks.rzeszow.pl\/index.php\/wp-json\/wp\/v2\/posts\/135","targetHints":{"allow":["GET"]}}],"collection":[{"href":"https:\/\/www.dks.rzeszow.pl\/index.php\/wp-json\/wp\/v2\/posts"}],"about":[{"href":"https:\/\/www.dks.rzeszow.pl\/index.php\/wp-json\/wp\/v2\/types\/post"}],"author":[{"embeddable":true,"href":"https:\/\/www.dks.rzeszow.pl\/index.php\/wp-json\/wp\/v2\/users\/1"}],"replies":[{"embeddable":true,"href":"https:\/\/www.dks.rzeszow.pl\/index.php\/wp-json\/wp\/v2\/comments?post=135"}],"version-history":[{"count":7,"href":"https:\/\/www.dks.rzeszow.pl\/index.php\/wp-json\/wp\/v2\/posts\/135\/revisions"}],"predecessor-version":[{"id":4132,"href":"https:\/\/www.dks.rzeszow.pl\/index.php\/wp-json\/wp\/v2\/posts\/135\/revisions\/4132"}],"wp:featuredmedia":[{"embeddable":true,"href":"https:\/\/www.dks.rzeszow.pl\/index.php\/wp-json\/wp\/v2\/media\/239"}],"wp:attachment":[{"href":"https:\/\/www.dks.rzeszow.pl\/index.php\/wp-json\/wp\/v2\/media?parent=135"}],"wp:term":[{"taxonomy":"category","embeddable":true,"href":"https:\/\/www.dks.rzeszow.pl\/index.php\/wp-json\/wp\/v2\/categories?post=135"},{"taxonomy":"post_tag","embeddable":true,"href":"https:\/\/www.dks.rzeszow.pl\/index.php\/wp-json\/wp\/v2\/tags?post=135"}],"curies":[{"name":"wp","href":"https:\/\/api.w.org\/{rel}","templated":true}]}}