{"id":127,"date":"2019-02-01T19:55:10","date_gmt":"2019-02-01T18:55:10","guid":{"rendered":"http:\/\/parafie.wsd.rzeszow.pl\/dks\/?p=127"},"modified":"2024-09-18T11:50:31","modified_gmt":"2024-09-18T09:50:31","slug":"patron-kaplicy-i-domu","status":"publish","type":"post","link":"https:\/\/www.dks.rzeszow.pl\/index.php\/2019\/02\/01\/patron-kaplicy-i-domu\/","title":{"rendered":"Patron kaplicy i domu"},"content":{"rendered":"\n<p>Arcybiskup Zygmunt Szcz\u0119sny Feli\u0144ski <\/p>\n\n\n\n<p>\u015aw. Zygmunt Szcz\u0119sny Feli\u0144ski urodzi\u0142 si\u0119   1 listopada 1822 roku w Wojutynie w diecezji \u0142uckiej na Wo\u0142yniu. By\u0142   si\u00f3dmym z jedena\u015bciorga dzieci Gerarda i Ewy z Wendorff\u00f3w. W jedenastym   roku \u017cycia straci\u0142 ojca, a pi\u0119\u0107 lat p\u00f3\u017aniej jego   matka z racji swej dzia\u0142alno\u015bci patriotycznej zosta\u0142a   deportowana na Syberi\u0119. Po uko\u0144czeniu gimnazjum Zygmunt studiowa\u0142   matematyk\u0119 w Moskwie i nauki humanistyczne na Sorbonie i w <em>College   de France.       <\/em><\/p>\n\n\n\n<p>W 1851 roku powr\u00f3ci\u0142 do kraju i wst\u0105pi\u0142\n  do Seminarium Duchownego w \u017bytomierzu, sk\u0105d po roku zosta\u0142 wys\u0142any\n  do Akademii Duchownej w Petersburgu. Tam przyj\u0105\u0142 \u015bwi\u0119cenia\n  kap\u0142a\u0144skie 8 wrze\u015bnia 1855 roku, po kt\u00f3rych pracowa\u0142\n  duszpastersko i obj\u0105\u0142 katedr\u0119 filozofii. 6 stycznia 1862 roku b\u0142.\n  Pius IX mianowa\u0142 go arcybiskupem metropolit\u0105 warszawskim. Po obj\u0119ciu\n  rz\u0105d\u00f3w przyst\u0105pi\u0142 do systematycznej pracy nad odrodzeniem\n  religijnym i moralnym w powierzonej sobie archidiecezji, przeprowadzi\u0142\n  reform\u0119 program\u00f3w nauczania w Seminarium i Akademii Duchownej. Dbaj\u0105c\n  o wychowanie oraz nauczanie dzieci i m\u0142odzie\u017cy za\u0142o\u017cy\u0142\n  w stolicy sierociniec i szko\u0142\u0119, kt\u00f3re odda\u0142 pod opiek\u0119 za\u0142o\u017conego\n  przez siebie w 1857 roku Zgromadzenia SS. Franciszkanek Rodziny Maryi. Odwa\u017cnie broni\u0105c\n  wolno\u015bci Ko\u015bcio\u0142a i uci\u015bnionego ludu, po upadku powstania\n  styczniowego 14 czerwca 1863 roku zosta\u0142 usuni\u0119ty ze stolicy i zes\u0142any\n  przez w\u0142adze carskie do Jaros\u0142awia nad Wo\u0142g\u0105. Po\n  dwudziestu latach w 1883 roku abp Feli\u0144ski uzyska\u0142 wolno\u015b\u0107\n  bez mo\u017cliwo\u015bci powrotu do Warszawy.\n  \n  <\/p>\n\n\n\n<p>Mianowany\n  przez Leona XIII arcybiskupem tytularnym Tarsu prze\u017cy\u0142 dwana\u015bcie\n  lat w D\u017cwiniaczce na terenie diecezji lwowskiej. Pe\u0142en pogody ducha,\n  prostoty, pokory i ub\u00f3stwa rozwin\u0105\u0142 tam dzia\u0142alno\u015b\u0107\n  duszpastersk\u0105, o\u015bwiatow\u0105 i dobroczynn\u0105 w\u015br\u00f3d ludu\n  polskiego i ukrai\u0144skiego jako aposto\u0142 pokoju, zgody i ewangelicznego\n  braterstwa. Zmar\u0142 17 wrze\u015bnia 1895 roku\n  w Krakowie. Od 1921 roku jego\n  cia\u0142o spoczywa w podziemiach Archikatedry Warszawskiej przeniesione z\n  cmentarza w D\u017cwiniaczce. Ojciec \u015awi\u0119ty Jan Pawe\u0142 II 14\n  kwietnia 2001 roku og\u0142osi\u0142 dekret heroiczno\u015bci cn\u00f3t. \n  \n  <\/p>\n\n\n\n<p>Mianowany   przez Leona XIII arcybiskupem tytularnym Tarsu prze\u017cy\u0142 dwana\u015bcie   lat w D\u017cwiniaczce na terenie diecezji lwowskiej. Pe\u0142en pogody ducha,   prostoty, pokory i ub\u00f3stwa rozwin\u0105\u0142 tam dzia\u0142alno\u015b\u0107   duszpastersk\u0105, o\u015bwiatow\u0105 i dobroczynn\u0105 w\u015br\u00f3d ludu   polskiego i ukrai\u0144skiego jako aposto\u0142 pokoju, zgody i ewangelicznego   braterstwa. Zmar\u0142 17 wrze\u015bnia 1895 roku   w Krakowie. Od 1921 roku jego   cia\u0142o spoczywa w podziemiach Archikatedry Warszawskiej przeniesione z   cmentarza w D\u017cwiniaczce. Ojciec \u015awi\u0119ty Jan Pawe\u0142 II 14   kwietnia 2001 roku og\u0142osi\u0142 dekret heroiczno\u015bci cn\u00f3t.       <\/p>\n\n\n\n<p>por. http:\/\/www.vatican.va\/news_services\/liturgy\/saints\/ns_lit_doc_20020818_felinski_pl.html<\/p>\n\n\n\n<p> Arcybiskup Zygmunt Szcz\u0119sny Feli\u0144ski zosta\u0142 beatyfikowany 18 sierpnia  2002 r. przez \u015bw. Jana Paw\u0142a II podczas odprawianej przez niego Mszy  \u015bwi\u0119tej na krakowskich B\u0142oniach.  <\/p>\n\n\n\n<p> Kanonizacji Zygmunta Szcz\u0119snego Feli\u0144skiego w dniu 11pa\u017adzierniku 2009 r.  na Placu  \u015awi\u0119tego Piotra w Rzymie dokona\u0142 papie\u017c Benedykt XVI. Cia\u0142o \u015awi\u0119tego spoczywa w archikatedrze \u015bw.  Jana Chrzciciela w Warszawie. <\/p>\n\r\n","protected":false},"excerpt":{"rendered":"<p>Arcybiskup Zygmunt Szcz\u0119sny Feli\u0144ski \u015aw. Zygmunt Szcz\u0119sny Feli\u0144ski urodzi\u0142 si\u0119 1 listopada 1822 roku w Wojutynie w diecezji \u0142uckiej na Wo\u0142yniu. By\u0142 si\u00f3dmym z jedena\u015bciorga dzieci Gerarda i Ewy z Wendorff\u00f3w. W jedenastym roku \u017cycia straci\u0142 ojca, a pi\u0119\u0107 lat p\u00f3\u017aniej jego matka z racji swej dzia\u0142alno\u015bci patriotycznej zosta\u0142a deportowana na Syberi\u0119. Po uko\u0144czeniu gimnazjum Zygmunt studiowa\u0142 matematyk\u0119 w Moskwie &hellip; <\/p>\n","protected":false},"author":2,"featured_media":192,"comment_status":"open","ping_status":"open","sticky":false,"template":"","format":"standard","meta":{"footnotes":""},"categories":[4],"tags":[],"class_list":["post-127","post","type-post","status-publish","format-standard","has-post-thumbnail","hentry","category-info"],"_links":{"self":[{"href":"https:\/\/www.dks.rzeszow.pl\/index.php\/wp-json\/wp\/v2\/posts\/127","targetHints":{"allow":["GET"]}}],"collection":[{"href":"https:\/\/www.dks.rzeszow.pl\/index.php\/wp-json\/wp\/v2\/posts"}],"about":[{"href":"https:\/\/www.dks.rzeszow.pl\/index.php\/wp-json\/wp\/v2\/types\/post"}],"author":[{"embeddable":true,"href":"https:\/\/www.dks.rzeszow.pl\/index.php\/wp-json\/wp\/v2\/users\/2"}],"replies":[{"embeddable":true,"href":"https:\/\/www.dks.rzeszow.pl\/index.php\/wp-json\/wp\/v2\/comments?post=127"}],"version-history":[{"count":3,"href":"https:\/\/www.dks.rzeszow.pl\/index.php\/wp-json\/wp\/v2\/posts\/127\/revisions"}],"predecessor-version":[{"id":4124,"href":"https:\/\/www.dks.rzeszow.pl\/index.php\/wp-json\/wp\/v2\/posts\/127\/revisions\/4124"}],"wp:featuredmedia":[{"embeddable":true,"href":"https:\/\/www.dks.rzeszow.pl\/index.php\/wp-json\/wp\/v2\/media\/192"}],"wp:attachment":[{"href":"https:\/\/www.dks.rzeszow.pl\/index.php\/wp-json\/wp\/v2\/media?parent=127"}],"wp:term":[{"taxonomy":"category","embeddable":true,"href":"https:\/\/www.dks.rzeszow.pl\/index.php\/wp-json\/wp\/v2\/categories?post=127"},{"taxonomy":"post_tag","embeddable":true,"href":"https:\/\/www.dks.rzeszow.pl\/index.php\/wp-json\/wp\/v2\/tags?post=127"}],"curies":[{"name":"wp","href":"https:\/\/api.w.org\/{rel}","templated":true}]}}